{"id":1881,"date":"2015-10-13T12:31:55","date_gmt":"2015-10-13T11:31:55","guid":{"rendered":"http:\/\/radioalma.eu\/bruselas\/?p=1881"},"modified":"2015-10-13T12:33:14","modified_gmt":"2015-10-13T11:33:14","slug":"es-espana-un-buen-lugar-pais-para-morir","status":"publish","type":"post","link":"https:\/\/radioalma.eu\/bruselas\/2015\/10\/13\/es-espana-un-buen-lugar-pais-para-morir\/","title":{"rendered":"\u00bfEs Espa\u00f1a un buen lugar pa\u00eds para morir?"},"content":{"rendered":"<p><a href=\"http:\/\/radioalma.eu\/bruselas\/files\/2015\/10\/181019_a_1.jpg\"><img fetchpriority=\"high\" decoding=\"async\" class=\"alignleft size-medium wp-image-1885\" src=\"http:\/\/radioalma.eu\/bruselas\/files\/2015\/10\/181019_a_1-300x199.jpg\" alt=\"hospital\" width=\"300\" height=\"199\" srcset=\"https:\/\/radioalma.eu\/bruselas\/files\/2015\/10\/181019_a_1-300x200.jpg 300w, https:\/\/radioalma.eu\/bruselas\/files\/2015\/10\/181019_a_1-1024x679.jpg 1024w, https:\/\/radioalma.eu\/bruselas\/files\/2015\/10\/181019_a_1-768x509.jpg 768w, https:\/\/radioalma.eu\/bruselas\/files\/2015\/10\/181019_a_1-1536x1018.jpg 1536w, https:\/\/radioalma.eu\/bruselas\/files\/2015\/10\/181019_a_1-2048x1357.jpg 2048w, https:\/\/radioalma.eu\/bruselas\/files\/2015\/10\/181019_a_1-150x100.jpg 150w, https:\/\/radioalma.eu\/bruselas\/files\/2015\/10\/181019_a_1-900x597.jpg 900w\" sizes=\"(max-width: 300px) 100vw, 300px\" \/><\/a><\/p>\n<p>El caso de Andrea, la ni\u00f1a gallega con una enfermedad degenerativa que dej\u00f3 de ser alimentada a petici\u00f3n de sus padres para acelerar el desenlace inminente, ha vuelto a poner en liza el tema de la eutanasia.\u00a0\u00bfDebe el paciente decidir sobre su muerte? \u00bfSe debe ayudar a alguien a morir antes que llegue su hora?<\/p>\n<p>Por una parte, desde la <strong>Asociaci\u00f3n federal Derecho a Morir Dignamente<\/strong> recuerdan que la Ley B\u00e1sica de Autonom\u00eda del Paciente de 2002 establece como un principio b\u00e1sico que \u00abel paciente tiene derecho a decidir libremente entre las opciones cl\u00ednicas disponibles y a negarse al tratamiento\u00bb y que, en el caso de un menor, el consentimiento debe ser del tutor legal.<\/p>\n<p>Por otra parte, desde el\u00a0grupo interdisciplinar\u00a0<strong>Vida Digna<\/strong> se\u00f1alan que una persona no debe pedir la eutanasia,\u00a0entre otros motivos, por la\u00a0triple\u00a0responsabilidad\u00a0que conlleva este acto:\u00a0responsabilidad con los m\u00e9dicos (confianza en su cuidado), con el derecho (no dar muerte) y con las personas vulnerables (no incitar a morir).<\/p>\n<p>En Bruselas con \u00d1 hemos querido conocer m\u00e1s sobre estas dos posturas, para ello hemos hablado con <strong>Carlos Barra<\/strong>, miembro de la Junta de la Asociaci\u00f3n federal Derecho a Morir Dignamente; y con <strong>Carlos \u00c1lvarez<\/strong>, miembro del \u00e1rea jur\u00eddica de Vida Digna.<\/p>\n<p>&nbsp;<\/p>\n<p>Carlos \u00c1lvarez, Vida Digna:<\/p>\n<audio class=\"wp-audio-shortcode\" id=\"audio-1881-1\" preload=\"none\" style=\"width: 100%;\" controls=\"controls\"><source type=\"audio\/mpeg\" src=\"http:\/\/radioalma.eu\/bruselas\/files\/2015\/10\/eutanasia-1-.mp3?_=1\" \/><a href=\"http:\/\/radioalma.eu\/bruselas\/files\/2015\/10\/eutanasia-1-.mp3\">http:\/\/radioalma.eu\/bruselas\/files\/2015\/10\/eutanasia-1-.mp3<\/a><\/audio>\n<audio class=\"wp-audio-shortcode\" id=\"audio-1881-2\" preload=\"none\" style=\"width: 100%;\" controls=\"controls\"><source type=\"audio\/mpeg\" src=\"http:\/\/radioalma.eu\/bruselas\/files\/2015\/10\/eutanasia-2.mp3?_=2\" \/><a href=\"http:\/\/radioalma.eu\/bruselas\/files\/2015\/10\/eutanasia-2.mp3\">http:\/\/radioalma.eu\/bruselas\/files\/2015\/10\/eutanasia-2.mp3<\/a><\/audio>\n<p>Carlos Barra,\u00a0Asociaci\u00f3n federal Derecho a Morir Dignamente:<\/p>\n<audio class=\"wp-audio-shortcode\" id=\"audio-1881-3\" preload=\"none\" style=\"width: 100%;\" controls=\"controls\"><source type=\"audio\/mpeg\" src=\"http:\/\/radioalma.eu\/bruselas\/files\/2015\/10\/eutanasia-II.mp3?_=3\" \/><a href=\"http:\/\/radioalma.eu\/bruselas\/files\/2015\/10\/eutanasia-II.mp3\">http:\/\/radioalma.eu\/bruselas\/files\/2015\/10\/eutanasia-II.mp3<\/a><\/audio>\n","protected":false},"excerpt":{"rendered":"<div class=\"mh-excerpt\"><p>El caso de Andrea, la ni\u00f1a gallega con una enfermedad degenerativa que dej\u00f3 de ser alimentada a petici\u00f3n de sus padres para acelerar el desenlace inminente, ha vuelto a poner en liza el tema de <a class=\"mh-excerpt-more\" href=\"https:\/\/radioalma.eu\/bruselas\/2015\/10\/13\/es-espana-un-buen-lugar-pais-para-morir\/\" title=\"\u00bfEs Espa\u00f1a un buen lugar pa\u00eds para morir?\">[&#8230;]<\/a><\/p>\n<\/div>","protected":false},"author":51,"featured_media":1885,"comment_status":"open","ping_status":"open","sticky":false,"template":"","format":"standard","meta":{"footnotes":""},"categories":[30],"tags":[769,768,766,763,764,767,22,765],"class_list":{"0":"post-1881","1":"post","2":"type-post","3":"status-publish","4":"format-standard","5":"has-post-thumbnail","7":"category-cronica","8":"tag-caso-andrea","9":"tag-controversia","10":"tag-enfermo","11":"tag-eutanasia","12":"tag-muerte-digna","13":"tag-terminal","14":"tag-tertulia","15":"tag-vida-digna"},"_links":{"self":[{"href":"https:\/\/radioalma.eu\/bruselas\/wp-json\/wp\/v2\/posts\/1881","targetHints":{"allow":["GET"]}}],"collection":[{"href":"https:\/\/radioalma.eu\/bruselas\/wp-json\/wp\/v2\/posts"}],"about":[{"href":"https:\/\/radioalma.eu\/bruselas\/wp-json\/wp\/v2\/types\/post"}],"author":[{"embeddable":true,"href":"https:\/\/radioalma.eu\/bruselas\/wp-json\/wp\/v2\/users\/51"}],"replies":[{"embeddable":true,"href":"https:\/\/radioalma.eu\/bruselas\/wp-json\/wp\/v2\/comments?post=1881"}],"version-history":[{"count":0,"href":"https:\/\/radioalma.eu\/bruselas\/wp-json\/wp\/v2\/posts\/1881\/revisions"}],"wp:featuredmedia":[{"embeddable":true,"href":"https:\/\/radioalma.eu\/bruselas\/wp-json\/wp\/v2\/media\/1885"}],"wp:attachment":[{"href":"https:\/\/radioalma.eu\/bruselas\/wp-json\/wp\/v2\/media?parent=1881"}],"wp:term":[{"taxonomy":"category","embeddable":true,"href":"https:\/\/radioalma.eu\/bruselas\/wp-json\/wp\/v2\/categories?post=1881"},{"taxonomy":"post_tag","embeddable":true,"href":"https:\/\/radioalma.eu\/bruselas\/wp-json\/wp\/v2\/tags?post=1881"}],"curies":[{"name":"wp","href":"https:\/\/api.w.org\/{rel}","templated":true}]}}