{"id":1950,"date":"2015-11-03T14:42:19","date_gmt":"2015-11-03T13:42:19","guid":{"rendered":"http:\/\/radioalma.eu\/bruselas\/?p=1950"},"modified":"2015-11-03T14:43:34","modified_gmt":"2015-11-03T13:43:34","slug":"desde-chiquita-yo-me-dormia-escuchando-la-suites-para-chelo-de-bach","status":"publish","type":"post","link":"https:\/\/radioalma.eu\/bruselas\/2015\/11\/03\/desde-chiquita-yo-me-dormia-escuchando-la-suites-para-chelo-de-bach\/","title":{"rendered":"\u201cDesde chiquita, yo me dorm\u00eda escuchando la suites para chelo de Bach\u201d"},"content":{"rendered":"<p><a href=\"http:\/\/radioalma.eu\/bruselas\/files\/2015\/11\/AmeUM7YCtkqK07KD168mt69685Vqyp87uZDXRwBAIxj-.jpg\"><img fetchpriority=\"high\" decoding=\"async\" class=\"wp-image-1951 alignright\" src=\"http:\/\/radioalma.eu\/bruselas\/files\/2015\/11\/AmeUM7YCtkqK07KD168mt69685Vqyp87uZDXRwBAIxj--225x300.jpg\" alt=\"Ana Ferper\" width=\"278\" height=\"371\" srcset=\"https:\/\/radioalma.eu\/bruselas\/files\/2015\/11\/AmeUM7YCtkqK07KD168mt69685Vqyp87uZDXRwBAIxj--225x300.jpg 225w, https:\/\/radioalma.eu\/bruselas\/files\/2015\/11\/AmeUM7YCtkqK07KD168mt69685Vqyp87uZDXRwBAIxj--768x1024.jpg 768w, https:\/\/radioalma.eu\/bruselas\/files\/2015\/11\/AmeUM7YCtkqK07KD168mt69685Vqyp87uZDXRwBAIxj--1152x1536.jpg 1152w, https:\/\/radioalma.eu\/bruselas\/files\/2015\/11\/AmeUM7YCtkqK07KD168mt69685Vqyp87uZDXRwBAIxj--900x1200.jpg 900w, https:\/\/radioalma.eu\/bruselas\/files\/2015\/11\/AmeUM7YCtkqK07KD168mt69685Vqyp87uZDXRwBAIxj-.jpg 1200w\" sizes=\"(max-width: 278px) 100vw, 278px\" \/><\/a><\/p>\n<p>&nbsp;<\/p>\n<p>Una infancia en estrecho contacto con la m\u00fasica cl\u00e1sica y una formaci\u00f3n universitaria en Humanidades han conducido a la mexicana Ana Fern\u00e1ndez a estudiar un m\u00e1ster de guitarra en el Koninklijk Conservatorium Brussel.<\/p>\n<p>Con tan solo 32 a\u00f1os, Ana Fern\u00e1ndez cuenta a sus espaldas con una carrera musical consolidada. Ahora, reci\u00e9n llegada a la capital belga, esta joven m\u00fasico originaria de Guadalajara nos ha contado sus primeras impresiones sobre esta ciudad, y sus planes de futuro.<\/p>\n<p>&nbsp;<\/p>\n<p>&nbsp;<\/p>\n<p>&nbsp;<\/p>\n<p>&nbsp;<\/p>\n<p>&nbsp;<\/p>\n<audio class=\"wp-audio-shortcode\" id=\"audio-1950-1\" preload=\"none\" style=\"width: 100%;\" controls=\"controls\"><source type=\"audio\/mpeg\" src=\"http:\/\/radioalma.eu\/bruselas\/files\/2015\/11\/Musico-I1.mp3?_=1\" \/><a href=\"http:\/\/radioalma.eu\/bruselas\/files\/2015\/11\/Musico-I1.mp3\">http:\/\/radioalma.eu\/bruselas\/files\/2015\/11\/Musico-I1.mp3<\/a><\/audio>\n<audio class=\"wp-audio-shortcode\" id=\"audio-1950-2\" preload=\"none\" style=\"width: 100%;\" controls=\"controls\"><source type=\"audio\/mpeg\" src=\"http:\/\/radioalma.eu\/bruselas\/files\/2015\/11\/musico-II.mp3?_=2\" \/><a href=\"http:\/\/radioalma.eu\/bruselas\/files\/2015\/11\/musico-II.mp3\">http:\/\/radioalma.eu\/bruselas\/files\/2015\/11\/musico-II.mp3<\/a><\/audio>\n","protected":false},"excerpt":{"rendered":"<div class=\"mh-excerpt\"><p>&nbsp; Una infancia en estrecho contacto con la m\u00fasica cl\u00e1sica y una formaci\u00f3n universitaria en Humanidades han conducido a la mexicana Ana Fern\u00e1ndez a estudiar un m\u00e1ster de guitarra en el Koninklijk Conservatorium Brussel. Con <a class=\"mh-excerpt-more\" href=\"https:\/\/radioalma.eu\/bruselas\/2015\/11\/03\/desde-chiquita-yo-me-dormia-escuchando-la-suites-para-chelo-de-bach\/\" title=\"\u201cDesde chiquita, yo me dorm\u00eda escuchando la suites para chelo de Bach\u201d\">[&#8230;]<\/a><\/p>\n<\/div>","protected":false},"author":51,"featured_media":1951,"comment_status":"open","ping_status":"open","sticky":false,"template":"","format":"standard","meta":{"footnotes":""},"categories":[29],"tags":[823,825,824,826,827],"class_list":{"0":"post-1950","1":"post","2":"type-post","3":"status-publish","4":"format-standard","5":"has-post-thumbnail","7":"category-protagonista-de-la-semana","8":"tag-ana-ferper","9":"tag-coservatorio-de-bruselas","10":"tag-guitarrista","11":"tag-homenaje-joaquin-rodrigo","12":"tag-musica-clasica"},"_links":{"self":[{"href":"https:\/\/radioalma.eu\/bruselas\/wp-json\/wp\/v2\/posts\/1950","targetHints":{"allow":["GET"]}}],"collection":[{"href":"https:\/\/radioalma.eu\/bruselas\/wp-json\/wp\/v2\/posts"}],"about":[{"href":"https:\/\/radioalma.eu\/bruselas\/wp-json\/wp\/v2\/types\/post"}],"author":[{"embeddable":true,"href":"https:\/\/radioalma.eu\/bruselas\/wp-json\/wp\/v2\/users\/51"}],"replies":[{"embeddable":true,"href":"https:\/\/radioalma.eu\/bruselas\/wp-json\/wp\/v2\/comments?post=1950"}],"version-history":[{"count":0,"href":"https:\/\/radioalma.eu\/bruselas\/wp-json\/wp\/v2\/posts\/1950\/revisions"}],"wp:featuredmedia":[{"embeddable":true,"href":"https:\/\/radioalma.eu\/bruselas\/wp-json\/wp\/v2\/media\/1951"}],"wp:attachment":[{"href":"https:\/\/radioalma.eu\/bruselas\/wp-json\/wp\/v2\/media?parent=1950"}],"wp:term":[{"taxonomy":"category","embeddable":true,"href":"https:\/\/radioalma.eu\/bruselas\/wp-json\/wp\/v2\/categories?post=1950"},{"taxonomy":"post_tag","embeddable":true,"href":"https:\/\/radioalma.eu\/bruselas\/wp-json\/wp\/v2\/tags?post=1950"}],"curies":[{"name":"wp","href":"https:\/\/api.w.org\/{rel}","templated":true}]}}