{"id":1967,"date":"2015-11-10T14:44:08","date_gmt":"2015-11-10T13:44:08","guid":{"rendered":"http:\/\/radioalma.eu\/bruselas\/?p=1967"},"modified":"2015-11-10T14:44:08","modified_gmt":"2015-11-10T13:44:08","slug":"buscamos-sonidos-especiales-a-traves-de-instrumentos-como-la-quijada-de-burro-la-jarana-el-charango","status":"publish","type":"post","link":"https:\/\/radioalma.eu\/bruselas\/2015\/11\/10\/buscamos-sonidos-especiales-a-traves-de-instrumentos-como-la-quijada-de-burro-la-jarana-el-charango\/","title":{"rendered":"\u201cBuscamos sonidos especiales a trav\u00e9s de instrumentos como la quijada de burro, la jarana, el charango\u2026\u201d"},"content":{"rendered":"<p><a href=\"http:\/\/radioalma.eu\/bruselas\/files\/2015\/11\/Captura-de-pantalla-2015-11-10-a-las-14.40.45.png\"><img fetchpriority=\"high\" decoding=\"async\" class=\"size-medium wp-image-1968 alignright\" src=\"http:\/\/radioalma.eu\/bruselas\/files\/2015\/11\/Captura-de-pantalla-2015-11-10-a-las-14.40.45-300x298.png\" alt=\"Los callejeros\" width=\"300\" height=\"298\" srcset=\"https:\/\/radioalma.eu\/bruselas\/files\/2015\/11\/Captura-de-pantalla-2015-11-10-a-las-14.40.45-300x298.png 300w, https:\/\/radioalma.eu\/bruselas\/files\/2015\/11\/Captura-de-pantalla-2015-11-10-a-las-14.40.45-150x150.png 150w, https:\/\/radioalma.eu\/bruselas\/files\/2015\/11\/Captura-de-pantalla-2015-11-10-a-las-14.40.45-144x144.png 144w, https:\/\/radioalma.eu\/bruselas\/files\/2015\/11\/Captura-de-pantalla-2015-11-10-a-las-14.40.45-120x120.png 120w, https:\/\/radioalma.eu\/bruselas\/files\/2015\/11\/Captura-de-pantalla-2015-11-10-a-las-14.40.45-85x85.png 85w, https:\/\/radioalma.eu\/bruselas\/files\/2015\/11\/Captura-de-pantalla-2015-11-10-a-las-14.40.45-50x50.png 50w, https:\/\/radioalma.eu\/bruselas\/files\/2015\/11\/Captura-de-pantalla-2015-11-10-a-las-14.40.45.png 499w\" sizes=\"(max-width: 300px) 100vw, 300px\" \/><\/a>Se llaman Callejeros, se definen como \u201ctrotamundos activistas\u201d y <em>Ukamao<\/em> es el t\u00edtulo de su \u00faltimo disco. Esta formaci\u00f3n multicultural naci\u00f3 en Cuba hace 10 a\u00f1os a partir de un proyecto visual, y desde all\u00ed saltaron a B\u00e9lgica, donde est\u00e1n instalados actualmente.<\/p>\n<p>En sus composiciones encontramos m\u00fasica latina, reggae, ska, ritmos balc\u00e1nicos, jazz, rock\u2026 \u201cEs bueno mantenerse siempre en renovaci\u00f3n\u201d afirm\u00f3 Luis Alejandro Moya, guitarra de Callejeros y uno de los dos latinos que forman hoy en d\u00eda el grupo.<\/p>\n<p>Aunque no llegaron a tiempo a nuestros estudios, conseguimos hablar con ellos en una entrevista diferente y con sorpresa final\u2026<\/p>\n<p>&nbsp;<\/p>\n<audio class=\"wp-audio-shortcode\" id=\"audio-1967-1\" preload=\"none\" style=\"width: 100%;\" controls=\"controls\"><source type=\"audio\/mpeg\" src=\"http:\/\/radioalma.eu\/bruselas\/files\/2015\/11\/mexicanos.mp3?_=1\" \/><a href=\"http:\/\/radioalma.eu\/bruselas\/files\/2015\/11\/mexicanos.mp3\">http:\/\/radioalma.eu\/bruselas\/files\/2015\/11\/mexicanos.mp3<\/a><\/audio>\n","protected":false},"excerpt":{"rendered":"<div class=\"mh-excerpt\"><p>Se llaman Callejeros, se definen como \u201ctrotamundos activistas\u201d y Ukamao es el t\u00edtulo de su \u00faltimo disco. Esta formaci\u00f3n multicultural naci\u00f3 en Cuba hace 10 a\u00f1os a partir de un proyecto visual, y desde all\u00ed <a class=\"mh-excerpt-more\" href=\"https:\/\/radioalma.eu\/bruselas\/2015\/11\/10\/buscamos-sonidos-especiales-a-traves-de-instrumentos-como-la-quijada-de-burro-la-jarana-el-charango\/\" title=\"\u201cBuscamos sonidos especiales a trav\u00e9s de instrumentos como la quijada de burro, la jarana, el charango\u2026\u201d\">[&#8230;]<\/a><\/p>\n<\/div>","protected":false},"author":51,"featured_media":1968,"comment_status":"open","ping_status":"open","sticky":false,"template":"","format":"standard","meta":{"footnotes":""},"categories":[26,29],"tags":[840,839,841,59,22,843,842],"class_list":{"0":"post-1967","1":"post","2":"type-post","3":"status-publish","4":"format-standard","5":"has-post-thumbnail","7":"category-agenda-cultural","8":"category-protagonista-de-la-semana","9":"tag-grupo-bruselas","10":"tag-los-callejeros","11":"tag-multicultural","12":"tag-musica","13":"tag-tertulia","14":"tag-trotamundos-activistas","15":"tag-ukamao"},"_links":{"self":[{"href":"https:\/\/radioalma.eu\/bruselas\/wp-json\/wp\/v2\/posts\/1967","targetHints":{"allow":["GET"]}}],"collection":[{"href":"https:\/\/radioalma.eu\/bruselas\/wp-json\/wp\/v2\/posts"}],"about":[{"href":"https:\/\/radioalma.eu\/bruselas\/wp-json\/wp\/v2\/types\/post"}],"author":[{"embeddable":true,"href":"https:\/\/radioalma.eu\/bruselas\/wp-json\/wp\/v2\/users\/51"}],"replies":[{"embeddable":true,"href":"https:\/\/radioalma.eu\/bruselas\/wp-json\/wp\/v2\/comments?post=1967"}],"version-history":[{"count":0,"href":"https:\/\/radioalma.eu\/bruselas\/wp-json\/wp\/v2\/posts\/1967\/revisions"}],"wp:featuredmedia":[{"embeddable":true,"href":"https:\/\/radioalma.eu\/bruselas\/wp-json\/wp\/v2\/media\/1968"}],"wp:attachment":[{"href":"https:\/\/radioalma.eu\/bruselas\/wp-json\/wp\/v2\/media?parent=1967"}],"wp:term":[{"taxonomy":"category","embeddable":true,"href":"https:\/\/radioalma.eu\/bruselas\/wp-json\/wp\/v2\/categories?post=1967"},{"taxonomy":"post_tag","embeddable":true,"href":"https:\/\/radioalma.eu\/bruselas\/wp-json\/wp\/v2\/tags?post=1967"}],"curies":[{"name":"wp","href":"https:\/\/api.w.org\/{rel}","templated":true}]}}