{"id":1971,"date":"2015-11-17T12:04:59","date_gmt":"2015-11-17T11:04:59","guid":{"rendered":"http:\/\/radioalma.eu\/bruselas\/?p=1971"},"modified":"2015-11-17T12:04:59","modified_gmt":"2015-11-17T11:04:59","slug":"analizamos-las-consecuencias-de-los-atentados-de-paris-y-los-acuerdos-de-malta-en-relacion-a-la-oleada-de-inmigracion-hacia-europa","status":"publish","type":"post","link":"https:\/\/radioalma.eu\/bruselas\/2015\/11\/17\/analizamos-las-consecuencias-de-los-atentados-de-paris-y-los-acuerdos-de-malta-en-relacion-a-la-oleada-de-inmigracion-hacia-europa\/","title":{"rendered":"Analizamos las consecuencias de los atentados de Par\u00eds y los acuerdos de Malta en relaci\u00f3n a la oleada de inmigraci\u00f3n hacia Europa"},"content":{"rendered":"<p><a href=\"http:\/\/radioalma.eu\/bruselas\/files\/2015\/11\/IMG_5006.jpg\"><img fetchpriority=\"high\" decoding=\"async\" class=\"alignleft size-medium wp-image-1973\" src=\"http:\/\/radioalma.eu\/bruselas\/files\/2015\/11\/IMG_5006-300x225.jpg\" alt=\"IMG_5006\" width=\"300\" height=\"225\" srcset=\"https:\/\/radioalma.eu\/bruselas\/files\/2015\/11\/IMG_5006-300x225.jpg 300w, https:\/\/radioalma.eu\/bruselas\/files\/2015\/11\/IMG_5006-80x60.jpg 80w, https:\/\/radioalma.eu\/bruselas\/files\/2015\/11\/IMG_5006.jpg 320w\" sizes=\"(max-width: 300px) 100vw, 300px\" \/><\/a><\/p>\n<p>\u00bfQu\u00e9 consecuencias van a tener los atentados del viernes en Par\u00eds en la pol\u00edtica migratoria europea? \u00bfC\u00f3mo se puede conjugar arm\u00f3nicamente Frontex y Schengen? \u00bfLa soluci\u00f3n es establecer \u00abConsulados en origen\u00bb y seguir la pol\u00edtica espa\u00f1ola de los cayucos? Estas son algunas de las preguntas que nos hemos planteado tras la reuni\u00f3n en Malta de los principales dirigentes de Estado para abordar el problema migratorio.<\/p>\n<p>En la Cumbre de Malta que tuvo lugar el 11 y 12 de noviembre (dos d\u00edas antes de la matanza de 129 personas en Par\u00eds) la Uni\u00f3n Europea propuso a \u00c1frica algunas medidas para frenar la llegada de inmigrantes; entre otras, darles dinero para mejorar sus situaci\u00f3n en los pa\u00edses de origen y evitar el efecto llamada. \u00c1frica, por su parte, reclama m\u00e1s v\u00edas legales para llegar al viejo continente, y Turqu\u00eda, a su vez, tambi\u00e9n pide financiaci\u00f3n para paliar la crisis siria, o quiz\u00e1s, jugar un papel geoestrat\u00e9gico m\u00e1s importante.<\/p>\n<p>En nuestro \u00faltimo programa, hemos analizado junto con Enrique Serbeto, corresponsal de ABC en Bruselas, las diferentes posturas que han estado presentes en Malta, as\u00ed los posibles escenarios que tendr\u00e1n lugar en los pr\u00f3ximos meses.<\/p>\n<p>&nbsp;<\/p>\n<audio class=\"wp-audio-shortcode\" id=\"audio-1971-1\" preload=\"none\" style=\"width: 100%;\" controls=\"controls\"><source type=\"audio\/mpeg\" src=\"http:\/\/radioalma.eu\/bruselas\/files\/2015\/11\/serbeto-I.mp3?_=1\" \/><a href=\"http:\/\/radioalma.eu\/bruselas\/files\/2015\/11\/serbeto-I.mp3\">http:\/\/radioalma.eu\/bruselas\/files\/2015\/11\/serbeto-I.mp3<\/a><\/audio>\n<audio class=\"wp-audio-shortcode\" id=\"audio-1971-2\" preload=\"none\" style=\"width: 100%;\" controls=\"controls\"><source type=\"audio\/mpeg\" src=\"http:\/\/radioalma.eu\/bruselas\/files\/2015\/11\/serbeto-II.mp3?_=2\" \/><a href=\"http:\/\/radioalma.eu\/bruselas\/files\/2015\/11\/serbeto-II.mp3\">http:\/\/radioalma.eu\/bruselas\/files\/2015\/11\/serbeto-II.mp3<\/a><\/audio>\n<p>&nbsp;<\/p>\n<p>&nbsp;<\/p>\n<p>&nbsp;<\/p>\n<p>&nbsp;<\/p>\n","protected":false},"excerpt":{"rendered":"<div class=\"mh-excerpt\"><p>\u00bfQu\u00e9 consecuencias van a tener los atentados del viernes en Par\u00eds en la pol\u00edtica migratoria europea? \u00bfC\u00f3mo se puede conjugar arm\u00f3nicamente Frontex y Schengen? \u00bfLa soluci\u00f3n es establecer \u00abConsulados en origen\u00bb y seguir la pol\u00edtica <a class=\"mh-excerpt-more\" href=\"https:\/\/radioalma.eu\/bruselas\/2015\/11\/17\/analizamos-las-consecuencias-de-los-atentados-de-paris-y-los-acuerdos-de-malta-en-relacion-a-la-oleada-de-inmigracion-hacia-europa\/\" title=\"Analizamos las consecuencias de los atentados de Par\u00eds y los acuerdos de Malta en relaci\u00f3n a la oleada de inmigraci\u00f3n hacia Europa\">[&#8230;]<\/a><\/p>\n<\/div>","protected":false},"author":51,"featured_media":1973,"comment_status":"open","ping_status":"open","sticky":false,"template":"","format":"standard","meta":{"footnotes":""},"categories":[30],"tags":[848,849,847,844,845,846,715,850,22],"class_list":{"0":"post-1971","1":"post","2":"type-post","3":"status-publish","4":"format-standard","5":"has-post-thumbnail","7":"category-cronica","8":"tag-13n","9":"tag-analisis","10":"tag-atentados-paris","11":"tag-corresponsal-abc","12":"tag-crisis-migratoria","13":"tag-cumbre-malta","14":"tag-enrique-serbeto","15":"tag-refugiados","16":"tag-tertulia"},"_links":{"self":[{"href":"https:\/\/radioalma.eu\/bruselas\/wp-json\/wp\/v2\/posts\/1971","targetHints":{"allow":["GET"]}}],"collection":[{"href":"https:\/\/radioalma.eu\/bruselas\/wp-json\/wp\/v2\/posts"}],"about":[{"href":"https:\/\/radioalma.eu\/bruselas\/wp-json\/wp\/v2\/types\/post"}],"author":[{"embeddable":true,"href":"https:\/\/radioalma.eu\/bruselas\/wp-json\/wp\/v2\/users\/51"}],"replies":[{"embeddable":true,"href":"https:\/\/radioalma.eu\/bruselas\/wp-json\/wp\/v2\/comments?post=1971"}],"version-history":[{"count":0,"href":"https:\/\/radioalma.eu\/bruselas\/wp-json\/wp\/v2\/posts\/1971\/revisions"}],"wp:featuredmedia":[{"embeddable":true,"href":"https:\/\/radioalma.eu\/bruselas\/wp-json\/wp\/v2\/media\/1973"}],"wp:attachment":[{"href":"https:\/\/radioalma.eu\/bruselas\/wp-json\/wp\/v2\/media?parent=1971"}],"wp:term":[{"taxonomy":"category","embeddable":true,"href":"https:\/\/radioalma.eu\/bruselas\/wp-json\/wp\/v2\/categories?post=1971"},{"taxonomy":"post_tag","embeddable":true,"href":"https:\/\/radioalma.eu\/bruselas\/wp-json\/wp\/v2\/tags?post=1971"}],"curies":[{"name":"wp","href":"https:\/\/api.w.org\/{rel}","templated":true}]}}