{"id":2071,"date":"2016-01-12T13:42:12","date_gmt":"2016-01-12T12:42:12","guid":{"rendered":"http:\/\/radioalma.eu\/bruselas\/?p=2071"},"modified":"2016-01-12T13:42:13","modified_gmt":"2016-01-12T12:42:13","slug":"la-paz-y-el-clinic-repiten-por-segundo-ano-como-los-hospitales-con-mejor-reputacion-de-espana","status":"publish","type":"post","link":"https:\/\/radioalma.eu\/bruselas\/2016\/01\/12\/la-paz-y-el-clinic-repiten-por-segundo-ano-como-los-hospitales-con-mejor-reputacion-de-espana\/","title":{"rendered":"La Paz y El Clinic repiten por segundo a\u00f1o como los hospitales con mejor reputaci\u00f3n de Espa\u00f1a"},"content":{"rendered":"<p><a href=\"http:\/\/radioalma.eu\/bruselas\/2016\/01\/12\/la-paz-y-el-clinic-repiten-por-segundo-ano-como-los-hospitales-con-mejor-reputacion-de-espana\/181037_a_1\/\" rel=\"attachment wp-att-2073\"><img fetchpriority=\"high\" decoding=\"async\" class=\"alignleft size-medium wp-image-2073\" src=\"http:\/\/radioalma.eu\/bruselas\/files\/2016\/01\/181037_a_1-300x199.jpg\" alt=\"hospital\" width=\"300\" height=\"199\" srcset=\"https:\/\/radioalma.eu\/bruselas\/files\/2016\/01\/181037_a_1-300x200.jpg 300w, https:\/\/radioalma.eu\/bruselas\/files\/2016\/01\/181037_a_1-1024x679.jpg 1024w, https:\/\/radioalma.eu\/bruselas\/files\/2016\/01\/181037_a_1-768x509.jpg 768w, https:\/\/radioalma.eu\/bruselas\/files\/2016\/01\/181037_a_1-1536x1018.jpg 1536w, https:\/\/radioalma.eu\/bruselas\/files\/2016\/01\/181037_a_1-2048x1357.jpg 2048w, https:\/\/radioalma.eu\/bruselas\/files\/2016\/01\/181037_a_1-150x100.jpg 150w, https:\/\/radioalma.eu\/bruselas\/files\/2016\/01\/181037_a_1-900x597.jpg 900w\" sizes=\"(max-width: 300px) 100vw, 300px\" \/><\/a><\/p>\n<p>El Monitor de Reputaci\u00f3n Sanitaria (MRS), auditado de forma independiente por la empresa KPMG, ha realizado por segundo a\u00f1o consecutivo su ranking sobre los hospitales espa\u00f1oles con mejor reputaci\u00f3n entre los m\u00e9dicos, enfermeros, pacientes y periodistas especializados. Para elaborar esta segunda edici\u00f3n del MRS se ha entrevistado a 2.700 profesionales, usuarios y periodistas y tambi\u00e9n se han evaluado hasta 900 indicadores objetivos de calidad.<\/p>\n<p>En nuestro \u00faltimo programa hemos conversado con Jos\u00e9 Mar\u00eda San Segundo, Director T\u00e9cnico de An\u00e1lisis e Investigaci\u00f3n del MRS. Entre otras cosas, nos ha explicado c\u00f3mo se realiza esta clasificaci\u00f3n y por qu\u00e9 La Paz de Madrid y el Cl\u00ednic de Barcelona cuentan con la mejor reputaci\u00f3n entre los centros p\u00fablicos: son los mejores en sus especialidades.<\/p>\n<p>&nbsp;<\/p>\n<p>&nbsp;<\/p>\n<audio class=\"wp-audio-shortcode\" id=\"audio-2071-1\" preload=\"none\" style=\"width: 100%;\" controls=\"controls\"><source type=\"audio\/mpeg\" src=\"http:\/\/radioalma.eu\/bruselas\/files\/2016\/01\/ranking-hospi.mp3?_=1\" \/><a href=\"http:\/\/radioalma.eu\/bruselas\/files\/2016\/01\/ranking-hospi.mp3\">http:\/\/radioalma.eu\/bruselas\/files\/2016\/01\/ranking-hospi.mp3<\/a><\/audio>\n","protected":false},"excerpt":{"rendered":"<div class=\"mh-excerpt\"><p>El Monitor de Reputaci\u00f3n Sanitaria (MRS), auditado de forma independiente por la empresa KPMG, ha realizado por segundo a\u00f1o consecutivo su ranking sobre los hospitales espa\u00f1oles con mejor reputaci\u00f3n entre los m\u00e9dicos, enfermeros, pacientes y <a class=\"mh-excerpt-more\" href=\"https:\/\/radioalma.eu\/bruselas\/2016\/01\/12\/la-paz-y-el-clinic-repiten-por-segundo-ano-como-los-hospitales-con-mejor-reputacion-de-espana\/\" title=\"La Paz y El Clinic repiten por segundo a\u00f1o como los hospitales con mejor reputaci\u00f3n de Espa\u00f1a\">[&#8230;]<\/a><\/p>\n<\/div>","protected":false},"author":51,"featured_media":2073,"comment_status":"open","ping_status":"open","sticky":false,"template":"","format":"standard","meta":{"footnotes":""},"categories":[],"tags":[918,183,915,917,914,916,919,22],"class_list":{"0":"post-2071","1":"post","2":"type-post","3":"status-publish","4":"format-standard","5":"has-post-thumbnail","7":"tag-clinic","8":"tag-espana","9":"tag-hospitales","10":"tag-la-paz","11":"tag-monitor-reputacion-sanitaria","12":"tag-ranking","13":"tag-sanida-publica","14":"tag-tertulia"},"_links":{"self":[{"href":"https:\/\/radioalma.eu\/bruselas\/wp-json\/wp\/v2\/posts\/2071","targetHints":{"allow":["GET"]}}],"collection":[{"href":"https:\/\/radioalma.eu\/bruselas\/wp-json\/wp\/v2\/posts"}],"about":[{"href":"https:\/\/radioalma.eu\/bruselas\/wp-json\/wp\/v2\/types\/post"}],"author":[{"embeddable":true,"href":"https:\/\/radioalma.eu\/bruselas\/wp-json\/wp\/v2\/users\/51"}],"replies":[{"embeddable":true,"href":"https:\/\/radioalma.eu\/bruselas\/wp-json\/wp\/v2\/comments?post=2071"}],"version-history":[{"count":0,"href":"https:\/\/radioalma.eu\/bruselas\/wp-json\/wp\/v2\/posts\/2071\/revisions"}],"wp:featuredmedia":[{"embeddable":true,"href":"https:\/\/radioalma.eu\/bruselas\/wp-json\/wp\/v2\/media\/2073"}],"wp:attachment":[{"href":"https:\/\/radioalma.eu\/bruselas\/wp-json\/wp\/v2\/media?parent=2071"}],"wp:term":[{"taxonomy":"category","embeddable":true,"href":"https:\/\/radioalma.eu\/bruselas\/wp-json\/wp\/v2\/categories?post=2071"},{"taxonomy":"post_tag","embeddable":true,"href":"https:\/\/radioalma.eu\/bruselas\/wp-json\/wp\/v2\/tags?post=2071"}],"curies":[{"name":"wp","href":"https:\/\/api.w.org\/{rel}","templated":true}]}}