{"id":2494,"date":"2016-06-30T10:33:06","date_gmt":"2016-06-30T09:33:06","guid":{"rendered":"http:\/\/radioalma.eu\/bruselas\/?p=2494"},"modified":"2016-06-30T10:33:06","modified_gmt":"2016-06-30T09:33:06","slug":"andalucia-en-amberes-mas-flamenco-que-nunca","status":"publish","type":"post","link":"https:\/\/radioalma.eu\/bruselas\/2016\/06\/30\/andalucia-en-amberes-mas-flamenco-que-nunca\/","title":{"rendered":"Andaluc\u00eda en Amberes, m\u00e1s flamenco que nunca"},"content":{"rendered":"<p><a href=\"http:\/\/radioalma.eu\/bruselas\/2016\/06\/30\/andalucia-en-amberes-mas-flamenco-que-nunca\/feria\/\" rel=\"attachment wp-att-2496\"><img fetchpriority=\"high\" decoding=\"async\" class=\"alignleft size-medium wp-image-2496\" src=\"http:\/\/radioalma.eu\/bruselas\/files\/2016\/06\/Feria-212x300.jpeg\" alt=\"Feria\" width=\"212\" height=\"300\" srcset=\"https:\/\/radioalma.eu\/bruselas\/files\/2016\/06\/Feria-212x300.jpeg 212w, https:\/\/radioalma.eu\/bruselas\/files\/2016\/06\/Feria.jpeg 564w\" sizes=\"(max-width: 212px) 100vw, 212px\" \/><\/a>Este domingo 3 de julio se celebra la Feria Andaluza de Amberes, con entrada libre y numerosas actividades para el que quiera acercarse.<\/p>\n<p>Antonio P\u00e9rez Mart\u00edn, presidente de la Pe\u00f1a Al \u00c1ndalus, organizadora del evento, ha estado con nosotros.<\/p>\n<audio class=\"wp-audio-shortcode\" id=\"audio-2494-1\" preload=\"none\" style=\"width: 100%;\" controls=\"controls\"><source type=\"audio\/mpeg\" src=\"http:\/\/radioalma.eu\/bruselas\/files\/2016\/06\/FeriaAmberes.mp3?_=1\" \/><a href=\"http:\/\/radioalma.eu\/bruselas\/files\/2016\/06\/FeriaAmberes.mp3\">http:\/\/radioalma.eu\/bruselas\/files\/2016\/06\/FeriaAmberes.mp3<\/a><\/audio>\n","protected":false},"excerpt":{"rendered":"<div class=\"mh-excerpt\"><p>Este domingo 3 de julio se celebra la Feria Andaluza de Amberes, con entrada libre y numerosas actividades para el que quiera acercarse. Antonio P\u00e9rez Mart\u00edn, presidente de la Pe\u00f1a Al \u00c1ndalus, organizadora del evento, <a class=\"mh-excerpt-more\" href=\"https:\/\/radioalma.eu\/bruselas\/2016\/06\/30\/andalucia-en-amberes-mas-flamenco-que-nunca\/\" title=\"Andaluc\u00eda en Amberes, m\u00e1s flamenco que nunca\">[&#8230;]<\/a><\/p>\n<\/div>","protected":false},"author":51,"featured_media":2496,"comment_status":"open","ping_status":"open","sticky":false,"template":"","format":"standard","meta":{"footnotes":""},"categories":[29],"tags":[1154,1153,948,22],"class_list":{"0":"post-2494","1":"post","2":"type-post","3":"status-publish","4":"format-standard","5":"has-post-thumbnail","7":"category-protagonista-de-la-semana","8":"tag-antonio-perez-martin","9":"tag-feria-andaluza-de-amberes","10":"tag-pena-al-andalus","11":"tag-tertulia"},"_links":{"self":[{"href":"https:\/\/radioalma.eu\/bruselas\/wp-json\/wp\/v2\/posts\/2494","targetHints":{"allow":["GET"]}}],"collection":[{"href":"https:\/\/radioalma.eu\/bruselas\/wp-json\/wp\/v2\/posts"}],"about":[{"href":"https:\/\/radioalma.eu\/bruselas\/wp-json\/wp\/v2\/types\/post"}],"author":[{"embeddable":true,"href":"https:\/\/radioalma.eu\/bruselas\/wp-json\/wp\/v2\/users\/51"}],"replies":[{"embeddable":true,"href":"https:\/\/radioalma.eu\/bruselas\/wp-json\/wp\/v2\/comments?post=2494"}],"version-history":[{"count":0,"href":"https:\/\/radioalma.eu\/bruselas\/wp-json\/wp\/v2\/posts\/2494\/revisions"}],"wp:featuredmedia":[{"embeddable":true,"href":"https:\/\/radioalma.eu\/bruselas\/wp-json\/wp\/v2\/media\/2496"}],"wp:attachment":[{"href":"https:\/\/radioalma.eu\/bruselas\/wp-json\/wp\/v2\/media?parent=2494"}],"wp:term":[{"taxonomy":"category","embeddable":true,"href":"https:\/\/radioalma.eu\/bruselas\/wp-json\/wp\/v2\/categories?post=2494"},{"taxonomy":"post_tag","embeddable":true,"href":"https:\/\/radioalma.eu\/bruselas\/wp-json\/wp\/v2\/tags?post=2494"}],"curies":[{"name":"wp","href":"https:\/\/api.w.org\/{rel}","templated":true}]}}