{"id":2614,"date":"2016-09-07T09:28:53","date_gmt":"2016-09-07T08:28:53","guid":{"rendered":"http:\/\/radioalma.eu\/bruselas\/?p=2614"},"modified":"2016-09-07T09:28:53","modified_gmt":"2016-09-07T08:28:53","slug":"incendios-causas-e-intereses","status":"publish","type":"post","link":"https:\/\/radioalma.eu\/bruselas\/2016\/09\/07\/incendios-causas-e-intereses\/","title":{"rendered":"Incendios, causas e intereses"},"content":{"rendered":"<p><a href=\"http:\/\/radioalma.eu\/bruselas\/2016\/09\/07\/incendios-causas-e-intereses\/incendiosgalicai\/\" rel=\"attachment wp-att-2616\"><img fetchpriority=\"high\" decoding=\"async\" class=\"alignleft size-medium wp-image-2616\" src=\"http:\/\/radioalma.eu\/bruselas\/files\/2016\/09\/incendiosgalicai-300x200.jpg\" alt=\"incendiosgalicai\" width=\"300\" height=\"200\" srcset=\"https:\/\/radioalma.eu\/bruselas\/files\/2016\/09\/incendiosgalicai-300x200.jpg 300w, https:\/\/radioalma.eu\/bruselas\/files\/2016\/09\/incendiosgalicai-150x100.jpg 150w, https:\/\/radioalma.eu\/bruselas\/files\/2016\/09\/incendiosgalicai.jpg 600w\" sizes=\"(max-width: 300px) 100vw, 300px\" \/><\/a>La noticia recurrente de todos los veranos es la de los incendios en Espa\u00f1a. Son c\u00edclicos, casi en los mismos meses (agosto fundamentalmente) y con condiciones climatol\u00f3gicas y atmosf\u00e9ricas similares. Son, en su mayor\u00eda, provocados, pero \u00bfcon qu\u00e9 finalidad? Este a\u00f1o, Galicia ha vuelto a ser noticia por la intensidad de los mismos, que han calcinado los bosques de Pontevedra y La Coru\u00f1a. \u00bfEs posible prevenirlos y, en su caso, controlarlos?<\/p>\n<p>Tom\u00e1s Fern\u00e1ndez-Couto, director general de Ordenaci\u00f3n y Producci\u00f3n Forestal.<\/p>\n<audio class=\"wp-audio-shortcode\" id=\"audio-2614-1\" preload=\"none\" style=\"width: 100%;\" controls=\"controls\"><source type=\"audio\/mpeg\" src=\"http:\/\/radioalma.eu\/bruselas\/files\/2016\/09\/INCENDIOS.mp3?_=1\" \/><a href=\"http:\/\/radioalma.eu\/bruselas\/files\/2016\/09\/INCENDIOS.mp3\">http:\/\/radioalma.eu\/bruselas\/files\/2016\/09\/INCENDIOS.mp3<\/a><\/audio>\n","protected":false},"excerpt":{"rendered":"<div class=\"mh-excerpt\"><p>La noticia recurrente de todos los veranos es la de los incendios en Espa\u00f1a. Son c\u00edclicos, casi en los mismos meses (agosto fundamentalmente) y con condiciones climatol\u00f3gicas y atmosf\u00e9ricas similares. Son, en su mayor\u00eda, provocados, <a class=\"mh-excerpt-more\" href=\"https:\/\/radioalma.eu\/bruselas\/2016\/09\/07\/incendios-causas-e-intereses\/\" title=\"Incendios, causas e intereses\">[&#8230;]<\/a><\/p>\n<\/div>","protected":false},"author":51,"featured_media":2616,"comment_status":"open","ping_status":"open","sticky":false,"template":"","format":"standard","meta":{"footnotes":""},"categories":[],"tags":[1206,22,1204,1205],"class_list":{"0":"post-2614","1":"post","2":"type-post","3":"status-publish","4":"format-standard","5":"has-post-thumbnail","7":"tag-incendios","8":"tag-tertulia","9":"tag-tomas-fernandez-couto","10":"tag-xunta-de-galicia"},"_links":{"self":[{"href":"https:\/\/radioalma.eu\/bruselas\/wp-json\/wp\/v2\/posts\/2614","targetHints":{"allow":["GET"]}}],"collection":[{"href":"https:\/\/radioalma.eu\/bruselas\/wp-json\/wp\/v2\/posts"}],"about":[{"href":"https:\/\/radioalma.eu\/bruselas\/wp-json\/wp\/v2\/types\/post"}],"author":[{"embeddable":true,"href":"https:\/\/radioalma.eu\/bruselas\/wp-json\/wp\/v2\/users\/51"}],"replies":[{"embeddable":true,"href":"https:\/\/radioalma.eu\/bruselas\/wp-json\/wp\/v2\/comments?post=2614"}],"version-history":[{"count":0,"href":"https:\/\/radioalma.eu\/bruselas\/wp-json\/wp\/v2\/posts\/2614\/revisions"}],"wp:featuredmedia":[{"embeddable":true,"href":"https:\/\/radioalma.eu\/bruselas\/wp-json\/wp\/v2\/media\/2616"}],"wp:attachment":[{"href":"https:\/\/radioalma.eu\/bruselas\/wp-json\/wp\/v2\/media?parent=2614"}],"wp:term":[{"taxonomy":"category","embeddable":true,"href":"https:\/\/radioalma.eu\/bruselas\/wp-json\/wp\/v2\/categories?post=2614"},{"taxonomy":"post_tag","embeddable":true,"href":"https:\/\/radioalma.eu\/bruselas\/wp-json\/wp\/v2\/tags?post=2614"}],"curies":[{"name":"wp","href":"https:\/\/api.w.org\/{rel}","templated":true}]}}