{"id":2760,"date":"2016-10-19T09:42:46","date_gmt":"2016-10-19T08:42:46","guid":{"rendered":"http:\/\/radioalma.eu\/bruselas\/?p=2760"},"modified":"2016-10-19T09:46:36","modified_gmt":"2016-10-19T08:46:36","slug":"hispano-belga-homenajea-a-los-maestros-de-la-guitarra-espanola-en-belgica","status":"publish","type":"post","link":"https:\/\/radioalma.eu\/bruselas\/2016\/10\/19\/hispano-belga-homenajea-a-los-maestros-de-la-guitarra-espanola-en-belgica\/","title":{"rendered":"Hispano Belga homenajea a los maestros de la guitarra espa\u00f1ola en B\u00e9lgica"},"content":{"rendered":"<figure id=\"attachment_1929\" aria-describedby=\"caption-attachment-1929\" style=\"width: 300px\" class=\"wp-caption alignleft\"><a href=\"http:\/\/radioalma.eu\/bruselas\/2015\/10\/27\/1927\/alrptcvlgngazzwk0bbrbskstjk5dvldngzjnya1p4ku\/\" rel=\"attachment wp-att-1929\"><img fetchpriority=\"high\" decoding=\"async\" class=\"wp-image-1929 size-medium\" src=\"http:\/\/radioalma.eu\/bruselas\/files\/2015\/10\/AlrptCVLGngazzWK0BBrBskSTJk5dvlDnGzJNYa1p4Ku-300x225.jpg\" alt=\"AlrptCVLGngazzWK0BBrBskSTJk5dvlDnGzJNYa1p4Ku\" width=\"300\" height=\"225\" srcset=\"https:\/\/radioalma.eu\/bruselas\/files\/2015\/10\/AlrptCVLGngazzWK0BBrBskSTJk5dvlDnGzJNYa1p4Ku-300x225.jpg 300w, https:\/\/radioalma.eu\/bruselas\/files\/2015\/10\/AlrptCVLGngazzWK0BBrBskSTJk5dvlDnGzJNYa1p4Ku-1024x768.jpg 1024w, https:\/\/radioalma.eu\/bruselas\/files\/2015\/10\/AlrptCVLGngazzWK0BBrBskSTJk5dvlDnGzJNYa1p4Ku-768x576.jpg 768w, https:\/\/radioalma.eu\/bruselas\/files\/2015\/10\/AlrptCVLGngazzWK0BBrBskSTJk5dvlDnGzJNYa1p4Ku-1536x1152.jpg 1536w, https:\/\/radioalma.eu\/bruselas\/files\/2015\/10\/AlrptCVLGngazzWK0BBrBskSTJk5dvlDnGzJNYa1p4Ku-678x509.jpg 678w, https:\/\/radioalma.eu\/bruselas\/files\/2015\/10\/AlrptCVLGngazzWK0BBrBskSTJk5dvlDnGzJNYa1p4Ku-326x245.jpg 326w, https:\/\/radioalma.eu\/bruselas\/files\/2015\/10\/AlrptCVLGngazzWK0BBrBskSTJk5dvlDnGzJNYa1p4Ku-80x60.jpg 80w, https:\/\/radioalma.eu\/bruselas\/files\/2015\/10\/AlrptCVLGngazzWK0BBrBskSTJk5dvlDnGzJNYa1p4Ku-900x675.jpg 900w, https:\/\/radioalma.eu\/bruselas\/files\/2015\/10\/AlrptCVLGngazzWK0BBrBskSTJk5dvlDnGzJNYa1p4Ku.jpg 1600w\" sizes=\"(max-width: 300px) 100vw, 300px\" \/><\/a><figcaption id=\"caption-attachment-1929\" class=\"wp-caption-text\">Miguel Men\u00e9ndez, de Hispano Belga, en el estudio de Radio Alma<\/figcaption><\/figure>\n<p>El s\u00e1bado 22 de octubre, Hispano Belga asbl organiza un concierto homenaje a los dos grandes maestros de la guitarra que dio la emigraci\u00f3n espa\u00f1ola en B\u00e9lgica: Juanito Mart\u00edn y Rafael Moreno. En el concierto participar\u00e1n los hijos, amigos y compa\u00f1eros de estos dos grandes maestros. Ser\u00e1 a partir de las 19h en la Maison du Peuple de Saint-Gilles.<\/p>\n<p>Miguel Men\u00e9ndez, organizador del evento, ha estado con nosotros.<\/p>\n<audio class=\"wp-audio-shortcode\" id=\"audio-2760-1\" preload=\"none\" style=\"width: 100%;\" controls=\"controls\"><source type=\"audio\/mpeg\" src=\"http:\/\/radioalma.eu\/bruselas\/files\/2016\/10\/FLAMENCO.mp3?_=1\" \/><a href=\"http:\/\/radioalma.eu\/bruselas\/files\/2016\/10\/FLAMENCO.mp3\">http:\/\/radioalma.eu\/bruselas\/files\/2016\/10\/FLAMENCO.mp3<\/a><\/audio>\n<p>&nbsp;<\/p>\n","protected":false},"excerpt":{"rendered":"<div class=\"mh-excerpt\"><p>El s\u00e1bado 22 de octubre, Hispano Belga asbl organiza un concierto homenaje a los dos grandes maestros de la guitarra que dio la emigraci\u00f3n espa\u00f1ola en B\u00e9lgica: Juanito Mart\u00edn y Rafael Moreno. En el concierto <a class=\"mh-excerpt-more\" href=\"https:\/\/radioalma.eu\/bruselas\/2016\/10\/19\/hispano-belga-homenajea-a-los-maestros-de-la-guitarra-espanola-en-belgica\/\" title=\"Hispano Belga homenajea a los maestros de la guitarra espa\u00f1ola en B\u00e9lgica\">[&#8230;]<\/a><\/p>\n<\/div>","protected":false},"author":51,"featured_media":1929,"comment_status":"open","ping_status":"open","sticky":false,"template":"","format":"standard","meta":{"footnotes":""},"categories":[29],"tags":[1279,1280,1282,1278,1281,22],"class_list":{"0":"post-2760","1":"post","2":"type-post","3":"status-publish","4":"format-standard","5":"has-post-thumbnail","7":"category-protagonista-de-la-semana","8":"tag-hispano-belga-asbl","9":"tag-juanito-martin","10":"tag-maison-du-peuple","11":"tag-miguel-menendez","12":"tag-rafael-moreno","13":"tag-tertulia"},"_links":{"self":[{"href":"https:\/\/radioalma.eu\/bruselas\/wp-json\/wp\/v2\/posts\/2760","targetHints":{"allow":["GET"]}}],"collection":[{"href":"https:\/\/radioalma.eu\/bruselas\/wp-json\/wp\/v2\/posts"}],"about":[{"href":"https:\/\/radioalma.eu\/bruselas\/wp-json\/wp\/v2\/types\/post"}],"author":[{"embeddable":true,"href":"https:\/\/radioalma.eu\/bruselas\/wp-json\/wp\/v2\/users\/51"}],"replies":[{"embeddable":true,"href":"https:\/\/radioalma.eu\/bruselas\/wp-json\/wp\/v2\/comments?post=2760"}],"version-history":[{"count":0,"href":"https:\/\/radioalma.eu\/bruselas\/wp-json\/wp\/v2\/posts\/2760\/revisions"}],"wp:featuredmedia":[{"embeddable":true,"href":"https:\/\/radioalma.eu\/bruselas\/wp-json\/wp\/v2\/media\/1929"}],"wp:attachment":[{"href":"https:\/\/radioalma.eu\/bruselas\/wp-json\/wp\/v2\/media?parent=2760"}],"wp:term":[{"taxonomy":"category","embeddable":true,"href":"https:\/\/radioalma.eu\/bruselas\/wp-json\/wp\/v2\/categories?post=2760"},{"taxonomy":"post_tag","embeddable":true,"href":"https:\/\/radioalma.eu\/bruselas\/wp-json\/wp\/v2\/tags?post=2760"}],"curies":[{"name":"wp","href":"https:\/\/api.w.org\/{rel}","templated":true}]}}