{"id":2848,"date":"2016-11-09T09:49:11","date_gmt":"2016-11-09T08:49:11","guid":{"rendered":"http:\/\/radioalma.eu\/bruselas\/?p=2848"},"modified":"2021-06-12T23:48:04","modified_gmt":"2021-06-12T22:48:04","slug":"como-gestiona-caritas-europa-la-llegada-de-refugiados","status":"publish","type":"post","link":"https:\/\/radioalma.eu\/bruselas\/2016\/11\/09\/como-gestiona-caritas-europa-la-llegada-de-refugiados\/","title":{"rendered":"\u00bfC\u00f3mo gestiona Caritas Europa la llegada de refugiados?"},"content":{"rendered":"<p><a href=\"http:\/\/radioalma.eu\/bruselas\/2016\/11\/09\/como-gestiona-caritas-europa-la-llegada-de-refugiados\/carita\/\" rel=\"attachment wp-att-2850\"><img fetchpriority=\"high\" decoding=\"async\" class=\"alignleft size-medium wp-image-2850\" src=\"http:\/\/radioalma.eu\/bruselas\/files\/2016\/11\/Carita-300x169.jpg\" alt=\"carita\" width=\"300\" height=\"169\" srcset=\"https:\/\/radioalma.eu\/bruselas\/files\/2016\/11\/Carita-300x169.jpg 300w, https:\/\/radioalma.eu\/bruselas\/files\/2016\/11\/Carita-1024x575.jpg 1024w, https:\/\/radioalma.eu\/bruselas\/files\/2016\/11\/Carita-768x432.jpg 768w, https:\/\/radioalma.eu\/bruselas\/files\/2016\/11\/Carita-1536x863.jpg 1536w, https:\/\/radioalma.eu\/bruselas\/files\/2016\/11\/Carita-2048x1151.jpg 2048w, https:\/\/radioalma.eu\/bruselas\/files\/2016\/11\/Carita-678x381.jpg 678w\" sizes=\"(max-width: 300px) 100vw, 300px\" \/><\/a>Con la llegada masiva de imigrantes y refugiados desde todas las direcciones hacia Europa, la UE debe gestionar, desde la optimizaci\u00f3n log\u00edstica de recursos y desde una perspectiva humanitaria, este reto de solidaridad y ayuda. C\u00e1ritas Europa ha tenido que poner en pr\u00e1ctica planes especiales para estos problemas singulares, como el de Calais, que son para esta organizaci\u00f3n un reto en sus programas de ayuda humanitaria.&nbsp;<\/p>\n<p>Alain Rodr\u00edguez, responsable de comunicaci\u00f3n de C\u00e1ritas Europa.&nbsp;<\/p>\n<audio class=\"wp-audio-shortcode\" id=\"audio-2848-1\" preload=\"none\" style=\"width: 100%;\" controls=\"controls\"><source type=\"audio\/mpeg\" src=\"http:\/\/radioalma.eu\/bruselas\/files\/2016\/11\/CARITAS-EUROPA.mp3?_=1\" \/><a href=\"http:\/\/radioalma.eu\/bruselas\/files\/2016\/11\/CARITAS-EUROPA.mp3\">http:\/\/radioalma.eu\/bruselas\/files\/2016\/11\/CARITAS-EUROPA.mp3<\/a><\/audio>\n","protected":false},"excerpt":{"rendered":"<div class=\"mh-excerpt\"><p>Con la llegada masiva de imigrantes y refugiados desde todas las direcciones hacia Europa, la UE debe gestionar, desde la optimizaci\u00f3n log\u00edstica de recursos y desde una perspectiva humanitaria, este reto de solidaridad y ayuda. <a class=\"mh-excerpt-more\" href=\"https:\/\/radioalma.eu\/bruselas\/2016\/11\/09\/como-gestiona-caritas-europa-la-llegada-de-refugiados\/\" title=\"\u00bfC\u00f3mo gestiona Caritas Europa la llegada de refugiados?\">[&#8230;]<\/a><\/p>\n<\/div>","protected":false},"author":51,"featured_media":2850,"comment_status":"open","ping_status":"open","sticky":false,"template":"","format":"standard","meta":{"footnotes":""},"categories":[2697,2704],"tags":[1322,484,850,22],"class_list":{"0":"post-2848","1":"post","2":"type-post","3":"status-publish","4":"format-standard","5":"has-post-thumbnail","7":"category-europa","8":"category-social","9":"tag-alain-rodriguez","10":"tag-caritas-europa","11":"tag-refugiados","12":"tag-tertulia"},"_links":{"self":[{"href":"https:\/\/radioalma.eu\/bruselas\/wp-json\/wp\/v2\/posts\/2848","targetHints":{"allow":["GET"]}}],"collection":[{"href":"https:\/\/radioalma.eu\/bruselas\/wp-json\/wp\/v2\/posts"}],"about":[{"href":"https:\/\/radioalma.eu\/bruselas\/wp-json\/wp\/v2\/types\/post"}],"author":[{"embeddable":true,"href":"https:\/\/radioalma.eu\/bruselas\/wp-json\/wp\/v2\/users\/51"}],"replies":[{"embeddable":true,"href":"https:\/\/radioalma.eu\/bruselas\/wp-json\/wp\/v2\/comments?post=2848"}],"version-history":[{"count":0,"href":"https:\/\/radioalma.eu\/bruselas\/wp-json\/wp\/v2\/posts\/2848\/revisions"}],"wp:featuredmedia":[{"embeddable":true,"href":"https:\/\/radioalma.eu\/bruselas\/wp-json\/wp\/v2\/media\/2850"}],"wp:attachment":[{"href":"https:\/\/radioalma.eu\/bruselas\/wp-json\/wp\/v2\/media?parent=2848"}],"wp:term":[{"taxonomy":"category","embeddable":true,"href":"https:\/\/radioalma.eu\/bruselas\/wp-json\/wp\/v2\/categories?post=2848"},{"taxonomy":"post_tag","embeddable":true,"href":"https:\/\/radioalma.eu\/bruselas\/wp-json\/wp\/v2\/tags?post=2848"}],"curies":[{"name":"wp","href":"https:\/\/api.w.org\/{rel}","templated":true}]}}