{"id":2898,"date":"2016-11-23T10:48:22","date_gmt":"2016-11-23T09:48:22","guid":{"rendered":"http:\/\/radioalma.eu\/bruselas\/?p=2898"},"modified":"2016-11-23T10:48:22","modified_gmt":"2016-11-23T09:48:22","slug":"clara-peeters-y-el-barroco-flamenco-en-el-museo-del-prado","status":"publish","type":"post","link":"https:\/\/radioalma.eu\/bruselas\/2016\/11\/23\/clara-peeters-y-el-barroco-flamenco-en-el-museo-del-prado\/","title":{"rendered":"Clara Peeters y el Barroco flamenco, en el Museo del Prado"},"content":{"rendered":"<figure id=\"attachment_2900\" aria-describedby=\"caption-attachment-2900\" style=\"width: 300px\" class=\"wp-caption alignleft\"><a href=\"http:\/\/radioalma.eu\/bruselas\/2016\/11\/23\/clara-peeters-y-el-barroco-flamenco-en-el-museo-del-prado\/clarapeeters\/\" rel=\"attachment wp-att-2900\"><img fetchpriority=\"high\" decoding=\"async\" class=\"wp-image-2900 size-medium\" src=\"http:\/\/radioalma.eu\/bruselas\/files\/2016\/11\/clarapeeters-300x198.jpg\" alt=\"clarapeeters\" width=\"300\" height=\"198\" srcset=\"https:\/\/radioalma.eu\/bruselas\/files\/2016\/11\/clarapeeters-300x198.jpg 300w, https:\/\/radioalma.eu\/bruselas\/files\/2016\/11\/clarapeeters-150x100.jpg 150w, https:\/\/radioalma.eu\/bruselas\/files\/2016\/11\/clarapeeters.jpg 600w\" sizes=\"(max-width: 300px) 100vw, 300px\" \/><\/a><figcaption id=\"caption-attachment-2900\" class=\"wp-caption-text\">Uno de los bodegones de Clara Peeters<\/figcaption><\/figure>\n<p>El Museo de El Prado dedica una exposici\u00f3n a la pintora flamenca nacida en Amberes en la primera mitad del S. XVII Clara Peeters. Es la primera muestra que una pinacoteca espa\u00f1ola dedica a una mujer, de cuya vida se sabe muy poco. El tema monogr\u00e1fico es el bodeg\u00f3n, \u00f3leos de naturalezas muertas con un mensaje simbolista y aleg\u00f3rico en consonancia con el Barroco m\u00e1s all\u00e1 de la primera impresi\u00f3n visual.<\/p>\n<p>&nbsp;<\/p>\n<p>Alejandro Vergara, comisario de la exposici\u00f3n de Clara Peeters en el Museo de El Prado, en Madrid.&nbsp;<\/p>\n<audio class=\"wp-audio-shortcode\" id=\"audio-2898-1\" preload=\"none\" style=\"width: 100%;\" controls=\"controls\"><source type=\"audio\/mpeg\" src=\"http:\/\/radioalma.eu\/bruselas\/files\/2016\/11\/EXPO-CLARA-PEETERS.mp3?_=1\" \/><a href=\"http:\/\/radioalma.eu\/bruselas\/files\/2016\/11\/EXPO-CLARA-PEETERS.mp3\">http:\/\/radioalma.eu\/bruselas\/files\/2016\/11\/EXPO-CLARA-PEETERS.mp3<\/a><\/audio>\n","protected":false},"excerpt":{"rendered":"<div class=\"mh-excerpt\"><p>El Museo de El Prado dedica una exposici\u00f3n a la pintora flamenca nacida en Amberes en la primera mitad del S. XVII Clara Peeters. Es la primera muestra que una pinacoteca espa\u00f1ola dedica a una <a class=\"mh-excerpt-more\" href=\"https:\/\/radioalma.eu\/bruselas\/2016\/11\/23\/clara-peeters-y-el-barroco-flamenco-en-el-museo-del-prado\/\" title=\"Clara Peeters y el Barroco flamenco, en el Museo del Prado\">[&#8230;]<\/a><\/p>\n<\/div>","protected":false},"author":51,"featured_media":2900,"comment_status":"open","ping_status":"open","sticky":false,"template":"","format":"standard","meta":{"footnotes":""},"categories":[],"tags":[1346,1345,1343,1344,22],"class_list":{"0":"post-2898","1":"post","2":"type-post","3":"status-publish","4":"format-standard","5":"has-post-thumbnail","7":"tag-alejandro-vergara","8":"tag-barroco","9":"tag-clara-peeters","10":"tag-museo-del-prado","11":"tag-tertulia"},"_links":{"self":[{"href":"https:\/\/radioalma.eu\/bruselas\/wp-json\/wp\/v2\/posts\/2898","targetHints":{"allow":["GET"]}}],"collection":[{"href":"https:\/\/radioalma.eu\/bruselas\/wp-json\/wp\/v2\/posts"}],"about":[{"href":"https:\/\/radioalma.eu\/bruselas\/wp-json\/wp\/v2\/types\/post"}],"author":[{"embeddable":true,"href":"https:\/\/radioalma.eu\/bruselas\/wp-json\/wp\/v2\/users\/51"}],"replies":[{"embeddable":true,"href":"https:\/\/radioalma.eu\/bruselas\/wp-json\/wp\/v2\/comments?post=2898"}],"version-history":[{"count":0,"href":"https:\/\/radioalma.eu\/bruselas\/wp-json\/wp\/v2\/posts\/2898\/revisions"}],"wp:featuredmedia":[{"embeddable":true,"href":"https:\/\/radioalma.eu\/bruselas\/wp-json\/wp\/v2\/media\/2900"}],"wp:attachment":[{"href":"https:\/\/radioalma.eu\/bruselas\/wp-json\/wp\/v2\/media?parent=2898"}],"wp:term":[{"taxonomy":"category","embeddable":true,"href":"https:\/\/radioalma.eu\/bruselas\/wp-json\/wp\/v2\/categories?post=2898"},{"taxonomy":"post_tag","embeddable":true,"href":"https:\/\/radioalma.eu\/bruselas\/wp-json\/wp\/v2\/tags?post=2898"}],"curies":[{"name":"wp","href":"https:\/\/api.w.org\/{rel}","templated":true}]}}