{"id":2992,"date":"2016-12-19T12:22:34","date_gmt":"2016-12-19T11:22:34","guid":{"rendered":"http:\/\/radioalma.eu\/bruselas\/?p=2992"},"modified":"2016-12-19T12:22:35","modified_gmt":"2016-12-19T11:22:35","slug":"fernando-pessoa-en-el-circulo-de-bellas-artes-de-madrid","status":"publish","type":"post","link":"https:\/\/radioalma.eu\/bruselas\/2016\/12\/19\/fernando-pessoa-en-el-circulo-de-bellas-artes-de-madrid\/","title":{"rendered":"Fernando Pessoa, en el C\u00edrculo de Bellas Artes de Madrid"},"content":{"rendered":"<figure id=\"attachment_2994\" aria-describedby=\"caption-attachment-2994\" style=\"width: 300px\" class=\"wp-caption alignleft\"><a href=\"http:\/\/radioalma.eu\/bruselas\/2016\/12\/19\/fernando-pessoa-en-el-circulo-de-bellas-artes-de-madrid\/pessoa-cba-2\/\" rel=\"attachment wp-att-2994\"><img fetchpriority=\"high\" decoding=\"async\" class=\"size-medium wp-image-2994\" src=\"http:\/\/radioalma.eu\/bruselas\/files\/2016\/12\/PESSOA-CBA-300x174.jpg\" alt=\"\" width=\"300\" height=\"174\" srcset=\"https:\/\/radioalma.eu\/bruselas\/files\/2016\/12\/PESSOA-CBA-300x174.jpg 300w, https:\/\/radioalma.eu\/bruselas\/files\/2016\/12\/PESSOA-CBA.jpg 510w\" sizes=\"(max-width: 300px) 100vw, 300px\" \/><\/a><figcaption id=\"caption-attachment-2994\" class=\"wp-caption-text\">Fernando Pessoa, el gran poeta portugu\u00e9s del siglo XX<\/figcaption><\/figure>\n<p>Un paseante solitario recorriendo siempre los mismos lugares de Lisboa con primorosa minuciosidad observando la vida y los rincones con saudade y desde una visi\u00f3n poli\u00e9drica, con un tranquilo desasosiego introspectivo.&nbsp;<\/p>\n<p>De la exposici\u00f3n que se presenta sobre Fernando Pessoa en el C\u00edrculo de Bellas Artes de Madrid conversamos con Alberto Ruiz de Samaniego, catedr\u00e1tico de Est\u00e9tica de la Universidad de Vigo.<\/p>\n<audio class=\"wp-audio-shortcode\" id=\"audio-2992-1\" preload=\"none\" style=\"width: 100%;\" controls=\"controls\"><source type=\"audio\/mpeg\" src=\"http:\/\/radioalma.eu\/bruselas\/files\/2016\/12\/PESSOA-CBA.mp3?_=1\" \/><a href=\"http:\/\/radioalma.eu\/bruselas\/files\/2016\/12\/PESSOA-CBA.mp3\">http:\/\/radioalma.eu\/bruselas\/files\/2016\/12\/PESSOA-CBA.mp3<\/a><\/audio>\n","protected":false},"excerpt":{"rendered":"<div class=\"mh-excerpt\"><p>Un paseante solitario recorriendo siempre los mismos lugares de Lisboa con primorosa minuciosidad observando la vida y los rincones con saudade y desde una visi\u00f3n poli\u00e9drica, con un tranquilo desasosiego introspectivo.&nbsp; De la exposici\u00f3n que <a class=\"mh-excerpt-more\" href=\"https:\/\/radioalma.eu\/bruselas\/2016\/12\/19\/fernando-pessoa-en-el-circulo-de-bellas-artes-de-madrid\/\" title=\"Fernando Pessoa, en el C\u00edrculo de Bellas Artes de Madrid\">[&#8230;]<\/a><\/p>\n<\/div>","protected":false},"author":51,"featured_media":2994,"comment_status":"open","ping_status":"open","sticky":false,"template":"","format":"standard","meta":{"footnotes":""},"categories":[],"tags":[1389,1390,1388,22],"class_list":{"0":"post-2992","1":"post","2":"type-post","3":"status-publish","4":"format-standard","5":"has-post-thumbnail","7":"tag-alberto-ruiz-de-samaniego","8":"tag-circulo-de-bellas-artes-de-madrid","9":"tag-fernando-pessoa","10":"tag-tertulia"},"_links":{"self":[{"href":"https:\/\/radioalma.eu\/bruselas\/wp-json\/wp\/v2\/posts\/2992","targetHints":{"allow":["GET"]}}],"collection":[{"href":"https:\/\/radioalma.eu\/bruselas\/wp-json\/wp\/v2\/posts"}],"about":[{"href":"https:\/\/radioalma.eu\/bruselas\/wp-json\/wp\/v2\/types\/post"}],"author":[{"embeddable":true,"href":"https:\/\/radioalma.eu\/bruselas\/wp-json\/wp\/v2\/users\/51"}],"replies":[{"embeddable":true,"href":"https:\/\/radioalma.eu\/bruselas\/wp-json\/wp\/v2\/comments?post=2992"}],"version-history":[{"count":0,"href":"https:\/\/radioalma.eu\/bruselas\/wp-json\/wp\/v2\/posts\/2992\/revisions"}],"wp:featuredmedia":[{"embeddable":true,"href":"https:\/\/radioalma.eu\/bruselas\/wp-json\/wp\/v2\/media\/2994"}],"wp:attachment":[{"href":"https:\/\/radioalma.eu\/bruselas\/wp-json\/wp\/v2\/media?parent=2992"}],"wp:term":[{"taxonomy":"category","embeddable":true,"href":"https:\/\/radioalma.eu\/bruselas\/wp-json\/wp\/v2\/categories?post=2992"},{"taxonomy":"post_tag","embeddable":true,"href":"https:\/\/radioalma.eu\/bruselas\/wp-json\/wp\/v2\/tags?post=2992"}],"curies":[{"name":"wp","href":"https:\/\/api.w.org\/{rel}","templated":true}]}}