{"id":3021,"date":"2017-01-11T09:23:14","date_gmt":"2017-01-11T08:23:14","guid":{"rendered":"http:\/\/radioalma.eu\/bruselas\/?p=3021"},"modified":"2017-01-11T09:23:15","modified_gmt":"2017-01-11T08:23:15","slug":"hace-veinte-anos-todo-el-mundo-queria-imitar-la-gastronomia-espanola","status":"publish","type":"post","link":"https:\/\/radioalma.eu\/bruselas\/2017\/01\/11\/hace-veinte-anos-todo-el-mundo-queria-imitar-la-gastronomia-espanola\/","title":{"rendered":"\u00abHace veinte a\u00f1os todo el mundo quer\u00eda imitar la gastronom\u00eda espa\u00f1ola\u00bb"},"content":{"rendered":"<figure id=\"attachment_3023\" aria-describedby=\"caption-attachment-3023\" style=\"width: 300px\" class=\"wp-caption alignleft\"><a href=\"http:\/\/radioalma.eu\/bruselas\/2017\/01\/11\/hace-veinte-anos-todo-el-mundo-queria-imitar-la-gastronomia-espanola\/luis\/\" rel=\"attachment wp-att-3023\"><img fetchpriority=\"high\" decoding=\"async\" class=\"size-medium wp-image-3023\" src=\"http:\/\/radioalma.eu\/bruselas\/files\/2017\/01\/Luis-300x195.jpg\" alt=\"\" width=\"300\" height=\"195\" srcset=\"https:\/\/radioalma.eu\/bruselas\/files\/2017\/01\/Luis-300x195.jpg 300w, https:\/\/radioalma.eu\/bruselas\/files\/2017\/01\/Luis-768x499.jpg 768w, https:\/\/radioalma.eu\/bruselas\/files\/2017\/01\/Luis.jpg 960w\" sizes=\"(max-width: 300px) 100vw, 300px\" \/><\/a><figcaption id=\"caption-attachment-3023\" class=\"wp-caption-text\">La tienda Alimentation est\u00e1 en la Rue du Page, 58<\/figcaption><\/figure>\n<p>En tiempo de crisis, buenas son las iniciativas emprendedoras. La gastronom\u00eda es siempre un recurso garantizado, aunque complejo, al que los espa\u00f1oles sabemos&nbsp;acudir para calentar el est\u00f3mago de extranjeros y aut\u00f3ctonos. Luis Alonso fund\u00f3 en Bruselas con un socio la tienda delicatessen Alimentation, en Ixelles. Pasen y disfruten.&nbsp;<\/p>\n<audio class=\"wp-audio-shortcode\" id=\"audio-3021-1\" preload=\"none\" style=\"width: 100%;\" controls=\"controls\"><source type=\"audio\/mpeg\" src=\"http:\/\/radioalma.eu\/bruselas\/files\/2017\/01\/ALIMENTATION.mp3?_=1\" \/><a href=\"http:\/\/radioalma.eu\/bruselas\/files\/2017\/01\/ALIMENTATION.mp3\">http:\/\/radioalma.eu\/bruselas\/files\/2017\/01\/ALIMENTATION.mp3<\/a><\/audio>\n","protected":false},"excerpt":{"rendered":"<div class=\"mh-excerpt\"><p>En tiempo de crisis, buenas son las iniciativas emprendedoras. La gastronom\u00eda es siempre un recurso garantizado, aunque complejo, al que los espa\u00f1oles sabemos&nbsp;acudir para calentar el est\u00f3mago de extranjeros y aut\u00f3ctonos. Luis Alonso fund\u00f3 en <a class=\"mh-excerpt-more\" href=\"https:\/\/radioalma.eu\/bruselas\/2017\/01\/11\/hace-veinte-anos-todo-el-mundo-queria-imitar-la-gastronomia-espanola\/\" title=\"\u00abHace veinte a\u00f1os todo el mundo quer\u00eda imitar la gastronom\u00eda espa\u00f1ola\u00bb\">[&#8230;]<\/a><\/p>\n<\/div>","protected":false},"author":51,"featured_media":3023,"comment_status":"open","ping_status":"open","sticky":false,"template":"","format":"standard","meta":{"footnotes":""},"categories":[29],"tags":[1405,1407,1406,22],"class_list":{"0":"post-3021","1":"post","2":"type-post","3":"status-publish","4":"format-standard","5":"has-post-thumbnail","7":"category-protagonista-de-la-semana","8":"tag-alimentation","9":"tag-delicatessen","10":"tag-luis-alonso","11":"tag-tertulia"},"_links":{"self":[{"href":"https:\/\/radioalma.eu\/bruselas\/wp-json\/wp\/v2\/posts\/3021","targetHints":{"allow":["GET"]}}],"collection":[{"href":"https:\/\/radioalma.eu\/bruselas\/wp-json\/wp\/v2\/posts"}],"about":[{"href":"https:\/\/radioalma.eu\/bruselas\/wp-json\/wp\/v2\/types\/post"}],"author":[{"embeddable":true,"href":"https:\/\/radioalma.eu\/bruselas\/wp-json\/wp\/v2\/users\/51"}],"replies":[{"embeddable":true,"href":"https:\/\/radioalma.eu\/bruselas\/wp-json\/wp\/v2\/comments?post=3021"}],"version-history":[{"count":0,"href":"https:\/\/radioalma.eu\/bruselas\/wp-json\/wp\/v2\/posts\/3021\/revisions"}],"wp:featuredmedia":[{"embeddable":true,"href":"https:\/\/radioalma.eu\/bruselas\/wp-json\/wp\/v2\/media\/3023"}],"wp:attachment":[{"href":"https:\/\/radioalma.eu\/bruselas\/wp-json\/wp\/v2\/media?parent=3021"}],"wp:term":[{"taxonomy":"category","embeddable":true,"href":"https:\/\/radioalma.eu\/bruselas\/wp-json\/wp\/v2\/categories?post=3021"},{"taxonomy":"post_tag","embeddable":true,"href":"https:\/\/radioalma.eu\/bruselas\/wp-json\/wp\/v2\/tags?post=3021"}],"curies":[{"name":"wp","href":"https:\/\/api.w.org\/{rel}","templated":true}]}}