{"id":3042,"date":"2017-01-18T08:42:16","date_gmt":"2017-01-18T07:42:16","guid":{"rendered":"http:\/\/radioalma.eu\/bruselas\/?p=3042"},"modified":"2017-01-18T08:42:17","modified_gmt":"2017-01-18T07:42:17","slug":"en-defensa-del-cerdo-iberico","status":"publish","type":"post","link":"https:\/\/radioalma.eu\/bruselas\/2017\/01\/18\/en-defensa-del-cerdo-iberico\/","title":{"rendered":"En defensa del cerdo ib\u00e9rico"},"content":{"rendered":"<figure id=\"attachment_3041\" aria-describedby=\"caption-attachment-3041\" style=\"width: 300px\" class=\"wp-caption alignleft\"><a href=\"http:\/\/radioalma.eu\/bruselas\/?attachment_id=3041\" rel=\"attachment wp-att-3041\"><img fetchpriority=\"high\" decoding=\"async\" class=\"size-medium wp-image-3041\" src=\"http:\/\/radioalma.eu\/bruselas\/files\/2017\/01\/01Cerdo-300x225.jpg\" alt=\"\" width=\"300\" height=\"225\" srcset=\"https:\/\/radioalma.eu\/bruselas\/files\/2017\/01\/01Cerdo-300x225.jpg 300w, https:\/\/radioalma.eu\/bruselas\/files\/2017\/01\/01Cerdo-768x576.jpg 768w, https:\/\/radioalma.eu\/bruselas\/files\/2017\/01\/01Cerdo-678x509.jpg 678w, https:\/\/radioalma.eu\/bruselas\/files\/2017\/01\/01Cerdo-326x245.jpg 326w, https:\/\/radioalma.eu\/bruselas\/files\/2017\/01\/01Cerdo-80x60.jpg 80w, https:\/\/radioalma.eu\/bruselas\/files\/2017\/01\/01Cerdo.jpg 800w\" sizes=\"(max-width: 300px) 100vw, 300px\" \/><\/a><figcaption id=\"caption-attachment-3041\" class=\"wp-caption-text\">OLYMPUS DIGITAL CAMERA<\/figcaption><\/figure>\n<p>El sector ib\u00e9rico espa\u00f1ol pide una norma que impida la comercializaci\u00f3n como <em>ib\u00e9ricos<\/em> de productos derivados de animales que no tengan al menos un 50% de gen\u00e9tica de esa raza. El problema, muchas veces, estriba en que las denominaciones de origen no se ponen de acuerdo a la hora de definir el concepto de \u00abib\u00e9rico\u00bb.&nbsp;<\/p>\n<p>Pablo Rodr\u00edguez, ganadero y miembro de Asici, Organizaci\u00f3n Interprofesional del Cerdo Ib\u00e9rico.<\/p>\n<audio class=\"wp-audio-shortcode\" id=\"audio-3042-1\" preload=\"none\" style=\"width: 100%;\" controls=\"controls\"><source type=\"audio\/mpeg\" src=\"http:\/\/radioalma.eu\/bruselas\/files\/2017\/01\/01Cerdo.mp3?_=1\" \/><a href=\"http:\/\/radioalma.eu\/bruselas\/files\/2017\/01\/01Cerdo.mp3\">http:\/\/radioalma.eu\/bruselas\/files\/2017\/01\/01Cerdo.mp3<\/a><\/audio>\n","protected":false},"excerpt":{"rendered":"<div class=\"mh-excerpt\"><p>El sector ib\u00e9rico espa\u00f1ol pide una norma que impida la comercializaci\u00f3n como ib\u00e9ricos de productos derivados de animales que no tengan al menos un 50% de gen\u00e9tica de esa raza. El problema, muchas veces, estriba <a class=\"mh-excerpt-more\" href=\"https:\/\/radioalma.eu\/bruselas\/2017\/01\/18\/en-defensa-del-cerdo-iberico\/\" title=\"En defensa del cerdo ib\u00e9rico\">[&#8230;]<\/a><\/p>\n<\/div>","protected":false},"author":51,"featured_media":3041,"comment_status":"open","ping_status":"open","sticky":false,"template":"","format":"standard","meta":{"footnotes":""},"categories":[],"tags":[1419,1418,22],"class_list":{"0":"post-3042","1":"post","2":"type-post","3":"status-publish","4":"format-standard","5":"has-post-thumbnail","7":"tag-asici","8":"tag-cerdo-iberico","9":"tag-tertulia"},"_links":{"self":[{"href":"https:\/\/radioalma.eu\/bruselas\/wp-json\/wp\/v2\/posts\/3042","targetHints":{"allow":["GET"]}}],"collection":[{"href":"https:\/\/radioalma.eu\/bruselas\/wp-json\/wp\/v2\/posts"}],"about":[{"href":"https:\/\/radioalma.eu\/bruselas\/wp-json\/wp\/v2\/types\/post"}],"author":[{"embeddable":true,"href":"https:\/\/radioalma.eu\/bruselas\/wp-json\/wp\/v2\/users\/51"}],"replies":[{"embeddable":true,"href":"https:\/\/radioalma.eu\/bruselas\/wp-json\/wp\/v2\/comments?post=3042"}],"version-history":[{"count":0,"href":"https:\/\/radioalma.eu\/bruselas\/wp-json\/wp\/v2\/posts\/3042\/revisions"}],"wp:featuredmedia":[{"embeddable":true,"href":"https:\/\/radioalma.eu\/bruselas\/wp-json\/wp\/v2\/media\/3041"}],"wp:attachment":[{"href":"https:\/\/radioalma.eu\/bruselas\/wp-json\/wp\/v2\/media?parent=3042"}],"wp:term":[{"taxonomy":"category","embeddable":true,"href":"https:\/\/radioalma.eu\/bruselas\/wp-json\/wp\/v2\/categories?post=3042"},{"taxonomy":"post_tag","embeddable":true,"href":"https:\/\/radioalma.eu\/bruselas\/wp-json\/wp\/v2\/tags?post=3042"}],"curies":[{"name":"wp","href":"https:\/\/api.w.org\/{rel}","templated":true}]}}