{"id":3055,"date":"2017-01-18T10:13:05","date_gmt":"2017-01-18T09:13:05","guid":{"rendered":"http:\/\/radioalma.eu\/bruselas\/?p=3055"},"modified":"2017-01-18T10:13:05","modified_gmt":"2017-01-18T09:13:05","slug":"quieren-volver-pero-no-a-la-misma-espana-de-la-que-se-fueron","status":"publish","type":"post","link":"https:\/\/radioalma.eu\/bruselas\/2017\/01\/18\/quieren-volver-pero-no-a-la-misma-espana-de-la-que-se-fueron\/","title":{"rendered":"\u00abQuieren volver, pero no a la misma Espa\u00f1a de la que se fueron\u00bb"},"content":{"rendered":"<p><a href=\"http:\/\/radioalma.eu\/bruselas\/2017\/01\/18\/quieren-volver-pero-no-a-la-misma-espana-de-la-que-se-fueron\/07volveremos-2\/\" rel=\"attachment wp-att-3057\"><img decoding=\"async\" class=\"alignleft size-medium wp-image-3057\" src=\"http:\/\/radioalma.eu\/bruselas\/files\/2017\/01\/07Volveremos-300x150.jpg\" alt=\"\" width=\"300\" height=\"150\" srcset=\"https:\/\/radioalma.eu\/bruselas\/files\/2017\/01\/07Volveremos-300x150.jpg 300w, https:\/\/radioalma.eu\/bruselas\/files\/2017\/01\/07Volveremos-1024x512.jpg 1024w, https:\/\/radioalma.eu\/bruselas\/files\/2017\/01\/07Volveremos-768x384.jpg 768w, https:\/\/radioalma.eu\/bruselas\/files\/2017\/01\/07Volveremos-1536x768.jpg 1536w, https:\/\/radioalma.eu\/bruselas\/files\/2017\/01\/07Volveremos.jpg 1600w\" sizes=\"(max-width: 300px) 100vw, 300px\" \/><\/a>Un estudio de la soci\u00f3loga Amparo L\u00f3pez Ferrer estima que desde el a\u00f1o 2008 al 2013 emigraron unos 700.000 espa\u00f1oles, frente a los 225.000 calculados por el INE. El motivo es que las cifras oficiales s\u00f3lo contemplan las bajas padronales. Pero \u00bfqu\u00e9 pasa con todos aquellos que viven fuera, pero que no se han dado de alta en los consulados de Espa\u00f1a?&nbsp;<\/p>\n<p><em>Volveremos<\/em>, un libro de las periodistas Noem\u00ed L\u00f3pez Trujillo y Estefan\u00eda Vasconcellos, publicado por Libros del K.O, pretende ser una memoria oral de los que se fueron, de los nuevos emigrantes. Aquellos que quieren volver.<\/p>\n<audio class=\"wp-audio-shortcode\" id=\"audio-3055-1\" preload=\"none\" style=\"width: 100%;\" controls=\"controls\"><source type=\"audio\/mpeg\" src=\"http:\/\/radioalma.eu\/bruselas\/files\/2017\/01\/07Volveremos.mp3?_=1\" \/><a href=\"http:\/\/radioalma.eu\/bruselas\/files\/2017\/01\/07Volveremos.mp3\">http:\/\/radioalma.eu\/bruselas\/files\/2017\/01\/07Volveremos.mp3<\/a><\/audio>\n","protected":false},"excerpt":{"rendered":"<div class=\"mh-excerpt\"><p>Un estudio de la soci\u00f3loga Amparo L\u00f3pez Ferrer estima que desde el a\u00f1o 2008 al 2013 emigraron unos 700.000 espa\u00f1oles, frente a los 225.000 calculados por el INE. El motivo es que las cifras oficiales <a class=\"mh-excerpt-more\" href=\"https:\/\/radioalma.eu\/bruselas\/2017\/01\/18\/quieren-volver-pero-no-a-la-misma-espana-de-la-que-se-fueron\/\" title=\"\u00abQuieren volver, pero no a la misma Espa\u00f1a de la que se fueron\u00bb\">[&#8230;]<\/a><\/p>\n<\/div>","protected":false},"author":51,"featured_media":3057,"comment_status":"open","ping_status":"open","sticky":false,"template":"","format":"standard","meta":{"footnotes":""},"categories":[],"tags":[1428,1426,1427,22,1425],"class_list":{"0":"post-3055","1":"post","2":"type-post","3":"status-publish","4":"format-standard","5":"has-post-thumbnail","7":"tag-estefania-vasconcellos","8":"tag-libros-del-k-o","9":"tag-noemi-lopez-trujillo","10":"tag-tertulia","11":"tag-volveremos"},"_links":{"self":[{"href":"https:\/\/radioalma.eu\/bruselas\/wp-json\/wp\/v2\/posts\/3055","targetHints":{"allow":["GET"]}}],"collection":[{"href":"https:\/\/radioalma.eu\/bruselas\/wp-json\/wp\/v2\/posts"}],"about":[{"href":"https:\/\/radioalma.eu\/bruselas\/wp-json\/wp\/v2\/types\/post"}],"author":[{"embeddable":true,"href":"https:\/\/radioalma.eu\/bruselas\/wp-json\/wp\/v2\/users\/51"}],"replies":[{"embeddable":true,"href":"https:\/\/radioalma.eu\/bruselas\/wp-json\/wp\/v2\/comments?post=3055"}],"version-history":[{"count":0,"href":"https:\/\/radioalma.eu\/bruselas\/wp-json\/wp\/v2\/posts\/3055\/revisions"}],"wp:featuredmedia":[{"embeddable":true,"href":"https:\/\/radioalma.eu\/bruselas\/wp-json\/wp\/v2\/media\/3057"}],"wp:attachment":[{"href":"https:\/\/radioalma.eu\/bruselas\/wp-json\/wp\/v2\/media?parent=3055"}],"wp:term":[{"taxonomy":"category","embeddable":true,"href":"https:\/\/radioalma.eu\/bruselas\/wp-json\/wp\/v2\/categories?post=3055"},{"taxonomy":"post_tag","embeddable":true,"href":"https:\/\/radioalma.eu\/bruselas\/wp-json\/wp\/v2\/tags?post=3055"}],"curies":[{"name":"wp","href":"https:\/\/api.w.org\/{rel}","templated":true}]}}