{"id":3060,"date":"2017-01-18T10:21:18","date_gmt":"2017-01-18T09:21:18","guid":{"rendered":"http:\/\/radioalma.eu\/bruselas\/?p=3060"},"modified":"2017-01-18T10:24:45","modified_gmt":"2017-01-18T09:24:45","slug":"la-politica-de-trump-a-dos-dias-de-la-investidura","status":"publish","type":"post","link":"https:\/\/radioalma.eu\/bruselas\/2017\/01\/18\/la-politica-de-trump-a-dos-dias-de-la-investidura\/","title":{"rendered":"La pol\u00edtica de Trump, a dos d\u00edas de la investidura"},"content":{"rendered":"<figure id=\"attachment_3063\" aria-describedby=\"caption-attachment-3063\" style=\"width: 300px\" class=\"wp-caption alignleft\"><a href=\"http:\/\/radioalma.eu\/bruselas\/2017\/01\/18\/la-politica-de-trump-a-dos-dias-de-la-investidura\/donald-trump\/\" rel=\"attachment wp-att-3063\"><img fetchpriority=\"high\" decoding=\"async\" class=\"size-medium wp-image-3063\" src=\"http:\/\/radioalma.eu\/bruselas\/files\/2017\/01\/donald_trump_flag-300x199.jpg\" alt=\"\" width=\"300\" height=\"199\" srcset=\"https:\/\/radioalma.eu\/bruselas\/files\/2017\/01\/donald_trump_flag-300x200.jpg 300w, https:\/\/radioalma.eu\/bruselas\/files\/2017\/01\/donald_trump_flag-150x100.jpg 150w, https:\/\/radioalma.eu\/bruselas\/files\/2017\/01\/donald_trump_flag.jpg 620w\" sizes=\"(max-width: 300px) 100vw, 300px\" \/><\/a><figcaption id=\"caption-attachment-3063\" class=\"wp-caption-text\">Donald Trump, ante la bandera de los Estados Unidos<\/figcaption><\/figure>\n<p>Faltan apenas dos&nbsp;d\u00edas para que Donald Trump sea investido presidente de los Estados Unidos. El que lleg\u00f3 a la Casa Blanca contra todo pron\u00f3stico no se ha hecho esperar para desgranar los ejes de su potencial pol\u00edtica. A trav\u00e9s de Twitter, el futuro presidente ya dej\u00f3 ver los rasgos de sus medidas econ\u00f3micas, migratorias o de relaciones internacionales.&nbsp;<\/p>\n<p>&nbsp;<\/p>\n<p>&nbsp;<\/p>\n<p>Roberto Blanco Vald\u00e9s, catedr\u00e1tico de Derecho Constitucional de la Universidade de Santiago de Compostela.<\/p>\n<audio class=\"wp-audio-shortcode\" id=\"audio-3060-1\" preload=\"none\" style=\"width: 100%;\" controls=\"controls\"><source type=\"audio\/mpeg\" src=\"http:\/\/radioalma.eu\/bruselas\/files\/2017\/01\/02Blanco1.mp3?_=1\" \/><a href=\"http:\/\/radioalma.eu\/bruselas\/files\/2017\/01\/02Blanco1.mp3\">http:\/\/radioalma.eu\/bruselas\/files\/2017\/01\/02Blanco1.mp3<\/a><\/audio>\n<audio class=\"wp-audio-shortcode\" id=\"audio-3060-2\" preload=\"none\" style=\"width: 100%;\" controls=\"controls\"><source type=\"audio\/mpeg\" src=\"http:\/\/radioalma.eu\/bruselas\/files\/2017\/01\/03Blanco2.mp3?_=2\" \/><a href=\"http:\/\/radioalma.eu\/bruselas\/files\/2017\/01\/03Blanco2.mp3\">http:\/\/radioalma.eu\/bruselas\/files\/2017\/01\/03Blanco2.mp3<\/a><\/audio>\n<p>&nbsp;<\/p>\n","protected":false},"excerpt":{"rendered":"<div class=\"mh-excerpt\"><p>Faltan apenas dos&nbsp;d\u00edas para que Donald Trump sea investido presidente de los Estados Unidos. El que lleg\u00f3 a la Casa Blanca contra todo pron\u00f3stico no se ha hecho esperar para desgranar los ejes de su <a class=\"mh-excerpt-more\" href=\"https:\/\/radioalma.eu\/bruselas\/2017\/01\/18\/la-politica-de-trump-a-dos-dias-de-la-investidura\/\" title=\"La pol\u00edtica de Trump, a dos d\u00edas de la investidura\">[&#8230;]<\/a><\/p>\n<\/div>","protected":false},"author":51,"featured_media":3063,"comment_status":"open","ping_status":"open","sticky":false,"template":"","format":"standard","meta":{"footnotes":""},"categories":[],"tags":[1429,1331,498,22,1430,1156],"class_list":{"0":"post-3060","1":"post","2":"type-post","3":"status-publish","4":"format-standard","5":"has-post-thumbnail","7":"tag-barack-obama","8":"tag-donald-trump","9":"tag-roberto-blanco-valdes","10":"tag-tertulia","11":"tag-usa","12":"tag-usc"},"_links":{"self":[{"href":"https:\/\/radioalma.eu\/bruselas\/wp-json\/wp\/v2\/posts\/3060","targetHints":{"allow":["GET"]}}],"collection":[{"href":"https:\/\/radioalma.eu\/bruselas\/wp-json\/wp\/v2\/posts"}],"about":[{"href":"https:\/\/radioalma.eu\/bruselas\/wp-json\/wp\/v2\/types\/post"}],"author":[{"embeddable":true,"href":"https:\/\/radioalma.eu\/bruselas\/wp-json\/wp\/v2\/users\/51"}],"replies":[{"embeddable":true,"href":"https:\/\/radioalma.eu\/bruselas\/wp-json\/wp\/v2\/comments?post=3060"}],"version-history":[{"count":0,"href":"https:\/\/radioalma.eu\/bruselas\/wp-json\/wp\/v2\/posts\/3060\/revisions"}],"wp:featuredmedia":[{"embeddable":true,"href":"https:\/\/radioalma.eu\/bruselas\/wp-json\/wp\/v2\/media\/3063"}],"wp:attachment":[{"href":"https:\/\/radioalma.eu\/bruselas\/wp-json\/wp\/v2\/media?parent=3060"}],"wp:term":[{"taxonomy":"category","embeddable":true,"href":"https:\/\/radioalma.eu\/bruselas\/wp-json\/wp\/v2\/categories?post=3060"},{"taxonomy":"post_tag","embeddable":true,"href":"https:\/\/radioalma.eu\/bruselas\/wp-json\/wp\/v2\/tags?post=3060"}],"curies":[{"name":"wp","href":"https:\/\/api.w.org\/{rel}","templated":true}]}}