{"id":3182,"date":"2017-02-22T09:31:38","date_gmt":"2017-02-22T08:31:38","guid":{"rendered":"http:\/\/radioalma.eu\/bruselas\/?p=3182"},"modified":"2017-02-22T09:31:39","modified_gmt":"2017-02-22T08:31:39","slug":"asperger-hay-que-romper-las-barreras-cognitivas","status":"publish","type":"post","link":"https:\/\/radioalma.eu\/bruselas\/2017\/02\/22\/asperger-hay-que-romper-las-barreras-cognitivas\/","title":{"rendered":"Asperger: \u00abHay que romper las barreras cognitivas\u00bb"},"content":{"rendered":"<p><a href=\"http:\/\/radioalma.eu\/bruselas\/2017\/02\/22\/asperger-hay-que-romper-las-barreras-cognitivas\/asperger-2\/\" rel=\"attachment wp-att-3184\"><img fetchpriority=\"high\" decoding=\"async\" class=\"alignleft size-medium wp-image-3184\" src=\"http:\/\/radioalma.eu\/bruselas\/files\/2017\/02\/Asperger-300x292.jpg\" alt=\"\" width=\"300\" height=\"292\" srcset=\"https:\/\/radioalma.eu\/bruselas\/files\/2017\/02\/Asperger-300x292.jpg 300w, https:\/\/radioalma.eu\/bruselas\/files\/2017\/02\/Asperger-50x50.jpg 50w, https:\/\/radioalma.eu\/bruselas\/files\/2017\/02\/Asperger.jpg 477w\" sizes=\"(max-width: 300px) 100vw, 300px\" \/><\/a>El&nbsp;18 de febrero se celebra el D\u00eda Internacional del S\u00edndrome de Asperger, un tipo de autismo por el cual el cerebro de la persona funciona de manera diferente a la habitual, especialmente en la comunicaci\u00f3n e interacci\u00f3n social y en la adaptaci\u00f3n flexible a las demandas del d\u00eda a d\u00eda.<\/p>\n<p>Ruth Vidriales, responsable de Asesoramiento T\u00e9cnico de Autismo Espa\u00f1a.<\/p>\n<audio class=\"wp-audio-shortcode\" id=\"audio-3182-1\" preload=\"none\" style=\"width: 100%;\" controls=\"controls\"><source type=\"audio\/mpeg\" src=\"http:\/\/radioalma.eu\/bruselas\/files\/2017\/02\/Asperger.mp3?_=1\" \/><a href=\"http:\/\/radioalma.eu\/bruselas\/files\/2017\/02\/Asperger.mp3\">http:\/\/radioalma.eu\/bruselas\/files\/2017\/02\/Asperger.mp3<\/a><\/audio>\n","protected":false},"excerpt":{"rendered":"<div class=\"mh-excerpt\"><p>El&nbsp;18 de febrero se celebra el D\u00eda Internacional del S\u00edndrome de Asperger, un tipo de autismo por el cual el cerebro de la persona funciona de manera diferente a la habitual, especialmente en la comunicaci\u00f3n <a class=\"mh-excerpt-more\" href=\"https:\/\/radioalma.eu\/bruselas\/2017\/02\/22\/asperger-hay-que-romper-las-barreras-cognitivas\/\" title=\"Asperger: \u00abHay que romper las barreras cognitivas\u00bb\">[&#8230;]<\/a><\/p>\n<\/div>","protected":false},"author":51,"featured_media":3184,"comment_status":"open","ping_status":"open","sticky":false,"template":"","format":"standard","meta":{"footnotes":""},"categories":[],"tags":[1494,1493,1495,22],"class_list":{"0":"post-3182","1":"post","2":"type-post","3":"status-publish","4":"format-standard","5":"has-post-thumbnail","7":"tag-18-febrero","8":"tag-dia-internacional-del-sindrome-de-asperger","9":"tag-ruth-vidriales","10":"tag-tertulia"},"_links":{"self":[{"href":"https:\/\/radioalma.eu\/bruselas\/wp-json\/wp\/v2\/posts\/3182","targetHints":{"allow":["GET"]}}],"collection":[{"href":"https:\/\/radioalma.eu\/bruselas\/wp-json\/wp\/v2\/posts"}],"about":[{"href":"https:\/\/radioalma.eu\/bruselas\/wp-json\/wp\/v2\/types\/post"}],"author":[{"embeddable":true,"href":"https:\/\/radioalma.eu\/bruselas\/wp-json\/wp\/v2\/users\/51"}],"replies":[{"embeddable":true,"href":"https:\/\/radioalma.eu\/bruselas\/wp-json\/wp\/v2\/comments?post=3182"}],"version-history":[{"count":0,"href":"https:\/\/radioalma.eu\/bruselas\/wp-json\/wp\/v2\/posts\/3182\/revisions"}],"wp:featuredmedia":[{"embeddable":true,"href":"https:\/\/radioalma.eu\/bruselas\/wp-json\/wp\/v2\/media\/3184"}],"wp:attachment":[{"href":"https:\/\/radioalma.eu\/bruselas\/wp-json\/wp\/v2\/media?parent=3182"}],"wp:term":[{"taxonomy":"category","embeddable":true,"href":"https:\/\/radioalma.eu\/bruselas\/wp-json\/wp\/v2\/categories?post=3182"},{"taxonomy":"post_tag","embeddable":true,"href":"https:\/\/radioalma.eu\/bruselas\/wp-json\/wp\/v2\/tags?post=3182"}],"curies":[{"name":"wp","href":"https:\/\/api.w.org\/{rel}","templated":true}]}}