{"id":3394,"date":"2017-04-26T08:52:14","date_gmt":"2017-04-26T07:52:14","guid":{"rendered":"http:\/\/radioalma.eu\/bruselas\/?p=3394"},"modified":"2017-04-26T08:52:14","modified_gmt":"2017-04-26T07:52:14","slug":"apramp-35-anos-luchando-contra-la-trata-de-mujeres","status":"publish","type":"post","link":"https:\/\/radioalma.eu\/bruselas\/2017\/04\/26\/apramp-35-anos-luchando-contra-la-trata-de-mujeres\/","title":{"rendered":"APRAMP: 35 a\u00f1os luchando contra la trata de mujeres"},"content":{"rendered":"<figure id=\"attachment_3397\" aria-describedby=\"caption-attachment-3397\" style=\"width: 270px\" class=\"wp-caption alignleft\"><a href=\"http:\/\/radioalma.eu\/bruselas\/2017\/04\/26\/apramp-35-anos-luchando-contra-la-trata-de-mujeres\/apramp\/\" rel=\"attachment wp-att-3397\"><img fetchpriority=\"high\" decoding=\"async\" class=\"size-full wp-image-3397\" src=\"http:\/\/radioalma.eu\/bruselas\/files\/2017\/04\/APRAMP.png\" alt=\"\" width=\"270\" height=\"270\" srcset=\"https:\/\/radioalma.eu\/bruselas\/files\/2017\/04\/APRAMP.png 270w, https:\/\/radioalma.eu\/bruselas\/files\/2017\/04\/APRAMP-150x150.png 150w, https:\/\/radioalma.eu\/bruselas\/files\/2017\/04\/APRAMP-144x144.png 144w, https:\/\/radioalma.eu\/bruselas\/files\/2017\/04\/APRAMP-120x120.png 120w, https:\/\/radioalma.eu\/bruselas\/files\/2017\/04\/APRAMP-85x85.png 85w, https:\/\/radioalma.eu\/bruselas\/files\/2017\/04\/APRAMP-50x50.png 50w\" sizes=\"(max-width: 270px) 100vw, 270px\" \/><\/a><figcaption id=\"caption-attachment-3397\" class=\"wp-caption-text\">Roc\u00edo Nieto, fundadora de APRAMP<\/figcaption><\/figure>\n<p>La trata de seres humanos es, desgraciadamente, una realidad muy presente en pa\u00edses desarrollados como B\u00e9lgica o Espa\u00f1a. La explotaci\u00f3n sexual de mujeres, pero tambi\u00e9n la explotaci\u00f3n laboral, de la que muchos hombres son v\u00edctimas, son lacras que desde distintas organizaciones se intentan combatir. En Espa\u00f1a, la asociaci\u00f3n APRAMP (Asociaci\u00f3n para la prevenci\u00f3n, reinserci\u00f3n y atenci\u00f3n a la mujer prostituida), lucha desde hace 35 a\u00f1os por devolver la vida y la dignidad a muchas personas que se han visto en esas situaciones.&nbsp;<\/p>\n<p>Roc\u00edo Nieto, fundadora de APRAMP.<\/p>\n<audio class=\"wp-audio-shortcode\" id=\"audio-3394-1\" preload=\"none\" style=\"width: 100%;\" controls=\"controls\"><source type=\"audio\/mpeg\" src=\"http:\/\/radioalma.eu\/bruselas\/files\/2017\/04\/Trata1.mp3?_=1\" \/><a href=\"http:\/\/radioalma.eu\/bruselas\/files\/2017\/04\/Trata1.mp3\">http:\/\/radioalma.eu\/bruselas\/files\/2017\/04\/Trata1.mp3<\/a><\/audio>\n<audio class=\"wp-audio-shortcode\" id=\"audio-3394-2\" preload=\"none\" style=\"width: 100%;\" controls=\"controls\"><source type=\"audio\/mpeg\" src=\"http:\/\/radioalma.eu\/bruselas\/files\/2017\/04\/Trata02.mp3?_=2\" \/><a href=\"http:\/\/radioalma.eu\/bruselas\/files\/2017\/04\/Trata02.mp3\">http:\/\/radioalma.eu\/bruselas\/files\/2017\/04\/Trata02.mp3<\/a><\/audio>\n","protected":false},"excerpt":{"rendered":"<div class=\"mh-excerpt\"><p>La trata de seres humanos es, desgraciadamente, una realidad muy presente en pa\u00edses desarrollados como B\u00e9lgica o Espa\u00f1a. La explotaci\u00f3n sexual de mujeres, pero tambi\u00e9n la explotaci\u00f3n laboral, de la que muchos hombres son v\u00edctimas, <a class=\"mh-excerpt-more\" href=\"https:\/\/radioalma.eu\/bruselas\/2017\/04\/26\/apramp-35-anos-luchando-contra-la-trata-de-mujeres\/\" title=\"APRAMP: 35 a\u00f1os luchando contra la trata de mujeres\">[&#8230;]<\/a><\/p>\n<\/div>","protected":false},"author":51,"featured_media":3397,"comment_status":"open","ping_status":"open","sticky":false,"template":"","format":"standard","meta":{"footnotes":""},"categories":[],"tags":[1587,1588,22,1589],"class_list":{"0":"post-3394","1":"post","2":"type-post","3":"status-publish","4":"format-standard","5":"has-post-thumbnail","7":"tag-apramp","8":"tag-rocio-nieto","9":"tag-tertulia","10":"tag-trata-de-mujeres"},"_links":{"self":[{"href":"https:\/\/radioalma.eu\/bruselas\/wp-json\/wp\/v2\/posts\/3394","targetHints":{"allow":["GET"]}}],"collection":[{"href":"https:\/\/radioalma.eu\/bruselas\/wp-json\/wp\/v2\/posts"}],"about":[{"href":"https:\/\/radioalma.eu\/bruselas\/wp-json\/wp\/v2\/types\/post"}],"author":[{"embeddable":true,"href":"https:\/\/radioalma.eu\/bruselas\/wp-json\/wp\/v2\/users\/51"}],"replies":[{"embeddable":true,"href":"https:\/\/radioalma.eu\/bruselas\/wp-json\/wp\/v2\/comments?post=3394"}],"version-history":[{"count":0,"href":"https:\/\/radioalma.eu\/bruselas\/wp-json\/wp\/v2\/posts\/3394\/revisions"}],"wp:featuredmedia":[{"embeddable":true,"href":"https:\/\/radioalma.eu\/bruselas\/wp-json\/wp\/v2\/media\/3397"}],"wp:attachment":[{"href":"https:\/\/radioalma.eu\/bruselas\/wp-json\/wp\/v2\/media?parent=3394"}],"wp:term":[{"taxonomy":"category","embeddable":true,"href":"https:\/\/radioalma.eu\/bruselas\/wp-json\/wp\/v2\/categories?post=3394"},{"taxonomy":"post_tag","embeddable":true,"href":"https:\/\/radioalma.eu\/bruselas\/wp-json\/wp\/v2\/tags?post=3394"}],"curies":[{"name":"wp","href":"https:\/\/api.w.org\/{rel}","templated":true}]}}