{"id":3472,"date":"2017-05-31T08:59:18","date_gmt":"2017-05-31T07:59:18","guid":{"rendered":"http:\/\/radioalma.eu\/bruselas\/?p=3472"},"modified":"2017-05-31T08:59:18","modified_gmt":"2017-05-31T07:59:18","slug":"aap-primadomus-una-segunda-vida-para-animales-salvajes","status":"publish","type":"post","link":"https:\/\/radioalma.eu\/bruselas\/2017\/05\/31\/aap-primadomus-una-segunda-vida-para-animales-salvajes\/","title":{"rendered":"AAP Primadomus: una segunda vida para animales salvajes"},"content":{"rendered":"<figure id=\"attachment_3474\" aria-describedby=\"caption-attachment-3474\" style=\"width: 300px\" class=\"wp-caption alignleft\"><a href=\"http:\/\/radioalma.eu\/bruselas\/2017\/05\/31\/aap-primadomus-una-segunda-vida-para-animales-salvajes\/primad\/\" rel=\"attachment wp-att-3474\"><img fetchpriority=\"high\" decoding=\"async\" class=\"size-medium wp-image-3474\" src=\"http:\/\/radioalma.eu\/bruselas\/files\/2017\/05\/primad-300x225.jpg\" alt=\"\" width=\"300\" height=\"225\" srcset=\"https:\/\/radioalma.eu\/bruselas\/files\/2017\/05\/primad-300x225.jpg 300w, https:\/\/radioalma.eu\/bruselas\/files\/2017\/05\/primad-1024x768.jpg 1024w, https:\/\/radioalma.eu\/bruselas\/files\/2017\/05\/primad-768x576.jpg 768w, https:\/\/radioalma.eu\/bruselas\/files\/2017\/05\/primad-678x509.jpg 678w, https:\/\/radioalma.eu\/bruselas\/files\/2017\/05\/primad-326x245.jpg 326w, https:\/\/radioalma.eu\/bruselas\/files\/2017\/05\/primad-80x60.jpg 80w, https:\/\/radioalma.eu\/bruselas\/files\/2017\/05\/primad.jpg 1194w\" sizes=\"(max-width: 300px) 100vw, 300px\" \/><\/a><figcaption id=\"caption-attachment-3474\" class=\"wp-caption-text\">AAP Primadomus se dedica a la rehabilitaci\u00f3n de animales salvajes<\/figcaption><\/figure>\n<p>Una nueva ley implantada ya en m\u00e1s de 400 municipios espa\u00f1oles y tres autonom\u00edas, Catalu\u00f1a, Galicia y Comunidad Valenciana, proh\u00edbe la realizaci\u00f3n de espect\u00e1culos con animales salvajes. Los circos son los principales perjudicados y ya hay algunos que han decidido donar sus animales. La organizaci\u00f3n AAP Primadomus se encarga de recoger y rehabilitar a estos seres&nbsp;y darles una segunda vida.<\/p>\n<p>Pilar Jornet, directora de AAP Primadomus.<\/p>\n<audio class=\"wp-audio-shortcode\" id=\"audio-3472-1\" preload=\"none\" style=\"width: 100%;\" controls=\"controls\"><source type=\"audio\/mpeg\" src=\"http:\/\/radioalma.eu\/bruselas\/files\/2017\/05\/pilar-AAP-Primadomus-.mp3?_=1\" \/><a href=\"http:\/\/radioalma.eu\/bruselas\/files\/2017\/05\/pilar-AAP-Primadomus-.mp3\">http:\/\/radioalma.eu\/bruselas\/files\/2017\/05\/pilar-AAP-Primadomus-.mp3<\/a><\/audio>\n<p>&nbsp;<\/p>\n","protected":false},"excerpt":{"rendered":"<div class=\"mh-excerpt\"><p>Una nueva ley implantada ya en m\u00e1s de 400 municipios espa\u00f1oles y tres autonom\u00edas, Catalu\u00f1a, Galicia y Comunidad Valenciana, proh\u00edbe la realizaci\u00f3n de espect\u00e1culos con animales salvajes. Los circos son los principales perjudicados y ya <a class=\"mh-excerpt-more\" href=\"https:\/\/radioalma.eu\/bruselas\/2017\/05\/31\/aap-primadomus-una-segunda-vida-para-animales-salvajes\/\" title=\"AAP Primadomus: una segunda vida para animales salvajes\">[&#8230;]<\/a><\/p>\n<\/div>","protected":false},"author":51,"featured_media":3474,"comment_status":"open","ping_status":"open","sticky":false,"template":"","format":"standard","meta":{"footnotes":""},"categories":[1],"tags":[1622,1624,1623,22],"class_list":{"0":"post-3472","1":"post","2":"type-post","3":"status-publish","4":"format-standard","5":"has-post-thumbnail","7":"category-non-classe","8":"tag-aap-primadomus","9":"tag-animales-salvajes","10":"tag-pilar-jornet","11":"tag-tertulia"},"_links":{"self":[{"href":"https:\/\/radioalma.eu\/bruselas\/wp-json\/wp\/v2\/posts\/3472","targetHints":{"allow":["GET"]}}],"collection":[{"href":"https:\/\/radioalma.eu\/bruselas\/wp-json\/wp\/v2\/posts"}],"about":[{"href":"https:\/\/radioalma.eu\/bruselas\/wp-json\/wp\/v2\/types\/post"}],"author":[{"embeddable":true,"href":"https:\/\/radioalma.eu\/bruselas\/wp-json\/wp\/v2\/users\/51"}],"replies":[{"embeddable":true,"href":"https:\/\/radioalma.eu\/bruselas\/wp-json\/wp\/v2\/comments?post=3472"}],"version-history":[{"count":0,"href":"https:\/\/radioalma.eu\/bruselas\/wp-json\/wp\/v2\/posts\/3472\/revisions"}],"wp:featuredmedia":[{"embeddable":true,"href":"https:\/\/radioalma.eu\/bruselas\/wp-json\/wp\/v2\/media\/3474"}],"wp:attachment":[{"href":"https:\/\/radioalma.eu\/bruselas\/wp-json\/wp\/v2\/media?parent=3472"}],"wp:term":[{"taxonomy":"category","embeddable":true,"href":"https:\/\/radioalma.eu\/bruselas\/wp-json\/wp\/v2\/categories?post=3472"},{"taxonomy":"post_tag","embeddable":true,"href":"https:\/\/radioalma.eu\/bruselas\/wp-json\/wp\/v2\/tags?post=3472"}],"curies":[{"name":"wp","href":"https:\/\/api.w.org\/{rel}","templated":true}]}}