{"id":3824,"date":"2017-11-08T09:45:57","date_gmt":"2017-11-08T08:45:57","guid":{"rendered":"http:\/\/radioalma.eu\/bruselas\/?p=3824"},"modified":"2017-11-08T09:45:57","modified_gmt":"2017-11-08T08:45:57","slug":"biocultura-la-feria-bio-mas-importante-de-espana","status":"publish","type":"post","link":"https:\/\/radioalma.eu\/bruselas\/2017\/11\/08\/biocultura-la-feria-bio-mas-importante-de-espana\/","title":{"rendered":"BioCultura, la feria bio m\u00e1s importante de Espa\u00f1a"},"content":{"rendered":"<audio class=\"wp-audio-shortcode\" id=\"audio-3824-1\" preload=\"none\" style=\"width: 100%;\" controls=\"controls\"><source type=\"audio\/mpeg\" src=\"http:\/\/radioalma.eu\/bruselas\/files\/2017\/11\/BIOCULTURA-COMPRIMIDO.mp3?_=1\" \/><a href=\"http:\/\/radioalma.eu\/bruselas\/files\/2017\/11\/BIOCULTURA-COMPRIMIDO.mp3\">http:\/\/radioalma.eu\/bruselas\/files\/2017\/11\/BIOCULTURA-COMPRIMIDO.mp3<\/a><\/audio>\n<p><img decoding=\"async\" class=\"alignleft size-medium wp-image-3826\" src=\"http:\/\/radioalma.eu\/bruselas\/files\/2017\/11\/logo-biocultura-nuevo-pantone1-300x104.jpg\" alt=\"\" width=\"300\" height=\"104\" srcset=\"https:\/\/radioalma.eu\/bruselas\/files\/2017\/11\/logo-biocultura-nuevo-pantone1-300x104.jpg 300w, https:\/\/radioalma.eu\/bruselas\/files\/2017\/11\/logo-biocultura-nuevo-pantone1-1024x356.jpg 1024w, https:\/\/radioalma.eu\/bruselas\/files\/2017\/11\/logo-biocultura-nuevo-pantone1-768x267.jpg 768w, https:\/\/radioalma.eu\/bruselas\/files\/2017\/11\/logo-biocultura-nuevo-pantone1-1536x535.jpg 1536w, https:\/\/radioalma.eu\/bruselas\/files\/2017\/11\/logo-biocultura-nuevo-pantone1.jpg 1629w\" sizes=\"(max-width: 300px) 100vw, 300px\" \/><\/p>\n<p>Celebrada en varias ciudades espa\u00f1olas en BioCultura se pueden encontrar multitud de productos ecol\u00f3gicos y numerosas actividades, charlas y talleres relacionados con la biodiversidad. Del 9 al 12 de noviembre se celebrar\u00e1 en Madrid la 33 edici\u00f3n de BioCultura.&nbsp;<\/p>\n<p>Gu\u00eda de Actividades: \u00abLa feria de BioCultura Madrid llega cargada de actividades que dan las claves para llevar una vida m\u00e1s sana y contribuir&nbsp;a crear un mundo sostenible. Talleres como el showcooking, a trav\u00e9s del cual aprender a elaborar deliciosos platos con productos ecol\u00f3gicos. Actividades de ecoest\u00e9tica para cuidar el&nbsp;cuerpo por dentro y por fuera. Todas las novedades en el sector textil llegan de la mano de la plataforma Planeta Moda y el festival MamaTerra trae un mont\u00f3n de actividades para los m\u00e1s peque\u00f1os. Adem\u00e1s, habr\u00e1 conferencias, debates, entrevistas en p\u00fablico y ponencias cient\u00edficas\u00bb.&nbsp;http:\/\/www.biocultura.org\/madrid\/actividades\/sup&nbsp;<\/p>\n<p>No se pierdan la entrevista con \u00c1ngeles Parra, directora de BioCultura.&nbsp;<\/p>\n<p>&nbsp;<\/p>\n<p>&nbsp;<\/p>\n","protected":false},"excerpt":{"rendered":"<div class=\"mh-excerpt\"><p>Celebrada en varias ciudades espa\u00f1olas en BioCultura se pueden encontrar multitud de productos ecol\u00f3gicos y numerosas actividades, charlas y talleres relacionados con la biodiversidad. Del 9 al 12 de noviembre se celebrar\u00e1 en Madrid la <a class=\"mh-excerpt-more\" href=\"https:\/\/radioalma.eu\/bruselas\/2017\/11\/08\/biocultura-la-feria-bio-mas-importante-de-espana\/\" title=\"BioCultura, la feria bio m\u00e1s importante de Espa\u00f1a\">[&#8230;]<\/a><\/p>\n<\/div>","protected":false},"author":51,"featured_media":3826,"comment_status":"open","ping_status":"open","sticky":false,"template":"","format":"standard","meta":{"footnotes":""},"categories":[],"tags":[1795,1797,183,1796,22],"class_list":{"0":"post-3824","1":"post","2":"type-post","3":"status-publish","4":"format-standard","5":"has-post-thumbnail","7":"tag-biocultura","8":"tag-consumo-responsable","9":"tag-espana","10":"tag-feria-ecologica","11":"tag-tertulia"},"_links":{"self":[{"href":"https:\/\/radioalma.eu\/bruselas\/wp-json\/wp\/v2\/posts\/3824","targetHints":{"allow":["GET"]}}],"collection":[{"href":"https:\/\/radioalma.eu\/bruselas\/wp-json\/wp\/v2\/posts"}],"about":[{"href":"https:\/\/radioalma.eu\/bruselas\/wp-json\/wp\/v2\/types\/post"}],"author":[{"embeddable":true,"href":"https:\/\/radioalma.eu\/bruselas\/wp-json\/wp\/v2\/users\/51"}],"replies":[{"embeddable":true,"href":"https:\/\/radioalma.eu\/bruselas\/wp-json\/wp\/v2\/comments?post=3824"}],"version-history":[{"count":0,"href":"https:\/\/radioalma.eu\/bruselas\/wp-json\/wp\/v2\/posts\/3824\/revisions"}],"wp:featuredmedia":[{"embeddable":true,"href":"https:\/\/radioalma.eu\/bruselas\/wp-json\/wp\/v2\/media\/3826"}],"wp:attachment":[{"href":"https:\/\/radioalma.eu\/bruselas\/wp-json\/wp\/v2\/media?parent=3824"}],"wp:term":[{"taxonomy":"category","embeddable":true,"href":"https:\/\/radioalma.eu\/bruselas\/wp-json\/wp\/v2\/categories?post=3824"},{"taxonomy":"post_tag","embeddable":true,"href":"https:\/\/radioalma.eu\/bruselas\/wp-json\/wp\/v2\/tags?post=3824"}],"curies":[{"name":"wp","href":"https:\/\/api.w.org\/{rel}","templated":true}]}}