{"id":4233,"date":"2018-09-11T13:22:32","date_gmt":"2018-09-11T12:22:32","guid":{"rendered":"http:\/\/radioalma.eu\/bruselas\/?p=4233"},"modified":"2021-06-12T23:49:04","modified_gmt":"2021-06-12T22:49:04","slug":"tres-anos-despues-de-la-ola-migratoria-como-la-ha-gestionado-belgica","status":"publish","type":"post","link":"https:\/\/radioalma.eu\/bruselas\/2018\/09\/11\/tres-anos-despues-de-la-ola-migratoria-como-la-ha-gestionado-belgica\/","title":{"rendered":"Tres a\u00f1os despu\u00e9s de la ola migratoria, \u00bfc\u00f3mo la ha gestionado B\u00e9lgica?"},"content":{"rendered":"<figure id=\"attachment_4235\" aria-describedby=\"caption-attachment-4235\" style=\"width: 300px\" class=\"wp-caption alignleft\"><a href=\"http:\/\/radioalma.eu\/bruselas\/2018\/09\/11\/tres-anos-despues-de-la-ola-migratoria-como-la-ha-gestionado-belgica\/ref-2\/\" rel=\"attachment wp-att-4235\"><img decoding=\"async\" class=\"size-medium wp-image-4235\" src=\"http:\/\/radioalma.eu\/bruselas\/files\/2018\/09\/ref-300x150.jpg\" alt=\"\" width=\"300\" height=\"150\" srcset=\"https:\/\/radioalma.eu\/bruselas\/files\/2018\/09\/ref-300x150.jpg 300w, https:\/\/radioalma.eu\/bruselas\/files\/2018\/09\/ref-768x384.jpg 768w, https:\/\/radioalma.eu\/bruselas\/files\/2018\/09\/ref.jpg 940w\" sizes=\"(max-width: 300px) 100vw, 300px\" \/><\/a><figcaption id=\"caption-attachment-4235\" class=\"wp-caption-text\">En 2015 llegaron a Bruselas miles de refugiados siguiendo la ruta de los Balcanes<\/figcaption><\/figure>\n<p>Las demandas de asilo vuelven a aumentar. Desde el mes de julio la solicitudes se hallan a un nivel anormalmente alto y en agosto se registraron 2.368 demandas, frente a las 1.790 del agosto anterior. Sin embargo, el flujo de inmigrantes se mantiene bajo con relaci\u00f3n al pico de la crisis migratoria: 130 veces menos inmigrantes llegaron a Europa este verano en comparaci\u00f3n con el a\u00f1o 2015, seg\u00fan ACNUR. El alza de las demandas de asilo pone bajo presi\u00f3n la red de acogida belga, y centros que hab\u00edan iniciado su fase de cierre han vuelto a abrir. Por el momento, los centros de Fedasil y de la Cruz Roja tienen una tasa de ocupaci\u00f3n del 93%.<\/p>\n<p>Hemos hablado con Lionel Defraigne, responsable de la asociaci\u00f3n Convivial, de ayuda a refugiados.<\/p>\n<audio class=\"wp-audio-shortcode\" id=\"audio-4233-1\" preload=\"none\" style=\"width: 100%;\" controls=\"controls\"><source type=\"audio\/mpeg\" src=\"http:\/\/radioalma.eu\/bruselas\/files\/2018\/09\/convivial.mp3?_=1\" \/><a href=\"http:\/\/radioalma.eu\/bruselas\/files\/2018\/09\/convivial.mp3\">http:\/\/radioalma.eu\/bruselas\/files\/2018\/09\/convivial.mp3<\/a><\/audio>\n","protected":false},"excerpt":{"rendered":"<div class=\"mh-excerpt\"><p>Las demandas de asilo vuelven a aumentar. Desde el mes de julio la solicitudes se hallan a un nivel anormalmente alto y en agosto se registraron 2.368 demandas, frente a las 1.790 del agosto anterior. <a class=\"mh-excerpt-more\" href=\"https:\/\/radioalma.eu\/bruselas\/2018\/09\/11\/tres-anos-despues-de-la-ola-migratoria-como-la-ha-gestionado-belgica\/\" title=\"Tres a\u00f1os despu\u00e9s de la ola migratoria, \u00bfc\u00f3mo la ha gestionado B\u00e9lgica?\">[&#8230;]<\/a><\/p>\n<\/div>","protected":false},"author":51,"featured_media":4235,"comment_status":"open","ping_status":"open","sticky":false,"template":"","format":"standard","meta":{"footnotes":""},"categories":[2699],"tags":[28,27,1931,1933,1932,850,22],"class_list":{"0":"post-4233","1":"post","2":"type-post","3":"status-publish","4":"format-standard","5":"has-post-thumbnail","7":"category-politica","8":"tag-belgica","9":"tag-bruselas-agenda-cultural","10":"tag-convivial","11":"tag-cruz-roja","12":"tag-fedasil","13":"tag-refugiados","14":"tag-tertulia"},"_links":{"self":[{"href":"https:\/\/radioalma.eu\/bruselas\/wp-json\/wp\/v2\/posts\/4233","targetHints":{"allow":["GET"]}}],"collection":[{"href":"https:\/\/radioalma.eu\/bruselas\/wp-json\/wp\/v2\/posts"}],"about":[{"href":"https:\/\/radioalma.eu\/bruselas\/wp-json\/wp\/v2\/types\/post"}],"author":[{"embeddable":true,"href":"https:\/\/radioalma.eu\/bruselas\/wp-json\/wp\/v2\/users\/51"}],"replies":[{"embeddable":true,"href":"https:\/\/radioalma.eu\/bruselas\/wp-json\/wp\/v2\/comments?post=4233"}],"version-history":[{"count":0,"href":"https:\/\/radioalma.eu\/bruselas\/wp-json\/wp\/v2\/posts\/4233\/revisions"}],"wp:featuredmedia":[{"embeddable":true,"href":"https:\/\/radioalma.eu\/bruselas\/wp-json\/wp\/v2\/media\/4235"}],"wp:attachment":[{"href":"https:\/\/radioalma.eu\/bruselas\/wp-json\/wp\/v2\/media?parent=4233"}],"wp:term":[{"taxonomy":"category","embeddable":true,"href":"https:\/\/radioalma.eu\/bruselas\/wp-json\/wp\/v2\/categories?post=4233"},{"taxonomy":"post_tag","embeddable":true,"href":"https:\/\/radioalma.eu\/bruselas\/wp-json\/wp\/v2\/tags?post=4233"}],"curies":[{"name":"wp","href":"https:\/\/api.w.org\/{rel}","templated":true}]}}