{"id":4351,"date":"2018-11-05T12:38:59","date_gmt":"2018-11-05T11:38:59","guid":{"rendered":"http:\/\/radioalma.eu\/bruselas\/?p=4351"},"modified":"2018-11-05T12:38:59","modified_gmt":"2018-11-05T11:38:59","slug":"rumba-hispanobelga-en-busca-de-la-memoria-musical-espanola-en-belgica","status":"publish","type":"post","link":"https:\/\/radioalma.eu\/bruselas\/2018\/11\/05\/rumba-hispanobelga-en-busca-de-la-memoria-musical-espanola-en-belgica\/","title":{"rendered":"Rumba Hispanobelga: en busca de la memoria musical espa\u00f1ola en B\u00e9lgica"},"content":{"rendered":"<figure id=\"attachment_4354\" aria-describedby=\"caption-attachment-4354\" style=\"width: 300px\" class=\"wp-caption alignleft\"><a href=\"http:\/\/radioalma.eu\/bruselas\/2018\/11\/05\/rumba-hispanobelga-en-busca-de-la-memoria-musical-espanola-en-belgica\/miguel\/\" rel=\"attachment wp-att-4354\"><img fetchpriority=\"high\" decoding=\"async\" class=\"size-medium wp-image-4354\" src=\"http:\/\/radioalma.eu\/bruselas\/files\/2018\/11\/Miguel-300x225.jpg\" alt=\"\" width=\"300\" height=\"225\" srcset=\"https:\/\/radioalma.eu\/bruselas\/files\/2018\/11\/Miguel-300x225.jpg 300w, https:\/\/radioalma.eu\/bruselas\/files\/2018\/11\/Miguel-1024x768.jpg 1024w, https:\/\/radioalma.eu\/bruselas\/files\/2018\/11\/Miguel-768x576.jpg 768w, https:\/\/radioalma.eu\/bruselas\/files\/2018\/11\/Miguel-1536x1152.jpg 1536w, https:\/\/radioalma.eu\/bruselas\/files\/2018\/11\/Miguel-2048x1536.jpg 2048w, https:\/\/radioalma.eu\/bruselas\/files\/2018\/11\/Miguel-678x509.jpg 678w, https:\/\/radioalma.eu\/bruselas\/files\/2018\/11\/Miguel-326x245.jpg 326w, https:\/\/radioalma.eu\/bruselas\/files\/2018\/11\/Miguel-80x60.jpg 80w\" sizes=\"(max-width: 300px) 100vw, 300px\" \/><\/a><figcaption id=\"caption-attachment-4354\" class=\"wp-caption-text\">Miguel Men\u00e9ndez, autor de Rumba Hispanobelga<\/figcaption><\/figure>\n<p>Rumba Hispanobelga es un proyecto que naci\u00f3 en Bruselas hace unos a\u00f1os ideado por Miguel Men\u00e9ndez. Este salmantino, emigrante de nueva generaci\u00f3n, se encontr\u00f3 un d\u00eda paseando por la Place du Jeu de Balle un disco de un grupo espa\u00f1ol afincado en B\u00e9lgica. Decidi\u00f3 ponerse a investigar y descubri\u00f3 que durante los a\u00f1os 60 y 70, muchos espa\u00f1oles se reun\u00edan en los bares, cantaban y bailaban, y llegaron incluso a formar grupos y grabar discos que eran memoria viva de lo que suced\u00eda.<\/p>\n<p>Miguel Men\u00e9ndez ha recopilado estos temas en un triple \u00e1lbum y un libro que, a trav\u00e9s de la m\u00fasica, cuenta la historia de la emigraci\u00f3n espa\u00f1ola en B\u00e9lgica.&nbsp;&nbsp;<\/p>\n<audio class=\"wp-audio-shortcode\" id=\"audio-4351-1\" preload=\"none\" style=\"width: 100%;\" controls=\"controls\"><source type=\"audio\/mpeg\" src=\"http:\/\/radioalma.eu\/bruselas\/files\/2018\/11\/01Rumba.mp3?_=1\" \/><a href=\"http:\/\/radioalma.eu\/bruselas\/files\/2018\/11\/01Rumba.mp3\">http:\/\/radioalma.eu\/bruselas\/files\/2018\/11\/01Rumba.mp3<\/a><\/audio>\n<audio class=\"wp-audio-shortcode\" id=\"audio-4351-2\" preload=\"none\" style=\"width: 100%;\" controls=\"controls\"><source type=\"audio\/mpeg\" src=\"http:\/\/radioalma.eu\/bruselas\/files\/2018\/11\/02Rumba.mp3?_=2\" \/><a href=\"http:\/\/radioalma.eu\/bruselas\/files\/2018\/11\/02Rumba.mp3\">http:\/\/radioalma.eu\/bruselas\/files\/2018\/11\/02Rumba.mp3<\/a><\/audio>\n","protected":false},"excerpt":{"rendered":"<div class=\"mh-excerpt\"><p>Rumba Hispanobelga es un proyecto que naci\u00f3 en Bruselas hace unos a\u00f1os ideado por Miguel Men\u00e9ndez. Este salmantino, emigrante de nueva generaci\u00f3n, se encontr\u00f3 un d\u00eda paseando por la Place du Jeu de Balle un <a class=\"mh-excerpt-more\" href=\"https:\/\/radioalma.eu\/bruselas\/2018\/11\/05\/rumba-hispanobelga-en-busca-de-la-memoria-musical-espanola-en-belgica\/\" title=\"Rumba Hispanobelga: en busca de la memoria musical espa\u00f1ola en B\u00e9lgica\">[&#8230;]<\/a><\/p>\n<\/div>","protected":false},"author":51,"featured_media":4354,"comment_status":"open","ping_status":"open","sticky":false,"template":"","format":"standard","meta":{"footnotes":""},"categories":[29],"tags":[1278,1976,22],"class_list":{"0":"post-4351","1":"post","2":"type-post","3":"status-publish","4":"format-standard","5":"has-post-thumbnail","7":"category-protagonista-de-la-semana","8":"tag-miguel-menendez","9":"tag-rumba-hispanobelga","10":"tag-tertulia"},"_links":{"self":[{"href":"https:\/\/radioalma.eu\/bruselas\/wp-json\/wp\/v2\/posts\/4351","targetHints":{"allow":["GET"]}}],"collection":[{"href":"https:\/\/radioalma.eu\/bruselas\/wp-json\/wp\/v2\/posts"}],"about":[{"href":"https:\/\/radioalma.eu\/bruselas\/wp-json\/wp\/v2\/types\/post"}],"author":[{"embeddable":true,"href":"https:\/\/radioalma.eu\/bruselas\/wp-json\/wp\/v2\/users\/51"}],"replies":[{"embeddable":true,"href":"https:\/\/radioalma.eu\/bruselas\/wp-json\/wp\/v2\/comments?post=4351"}],"version-history":[{"count":0,"href":"https:\/\/radioalma.eu\/bruselas\/wp-json\/wp\/v2\/posts\/4351\/revisions"}],"wp:featuredmedia":[{"embeddable":true,"href":"https:\/\/radioalma.eu\/bruselas\/wp-json\/wp\/v2\/media\/4354"}],"wp:attachment":[{"href":"https:\/\/radioalma.eu\/bruselas\/wp-json\/wp\/v2\/media?parent=4351"}],"wp:term":[{"taxonomy":"category","embeddable":true,"href":"https:\/\/radioalma.eu\/bruselas\/wp-json\/wp\/v2\/categories?post=4351"},{"taxonomy":"post_tag","embeddable":true,"href":"https:\/\/radioalma.eu\/bruselas\/wp-json\/wp\/v2\/tags?post=4351"}],"curies":[{"name":"wp","href":"https:\/\/api.w.org\/{rel}","templated":true}]}}