{"id":4397,"date":"2018-11-21T08:54:59","date_gmt":"2018-11-21T07:54:59","guid":{"rendered":"http:\/\/radioalma.eu\/bruselas\/?p=4397"},"modified":"2018-11-21T08:55:00","modified_gmt":"2018-11-21T07:55:00","slug":"jose-miguel-arranz-musica-para-poesia-de-miguel-hernandez","status":"publish","type":"post","link":"https:\/\/radioalma.eu\/bruselas\/2018\/11\/21\/jose-miguel-arranz-musica-para-poesia-de-miguel-hernandez\/","title":{"rendered":"Jos\u00e9 Miguel Arranz: m\u00fasica para poes\u00eda de Miguel Hern\u00e1ndez"},"content":{"rendered":"<figure id=\"attachment_4400\" aria-describedby=\"caption-attachment-4400\" style=\"width: 225px\" class=\"wp-caption alignleft\"><a href=\"http:\/\/radioalma.eu\/bruselas\/2018\/11\/21\/jose-miguel-arranz-musica-para-poesia-de-miguel-hernandez\/jose-miguel-arranz\/\" rel=\"attachment wp-att-4400\"><img fetchpriority=\"high\" decoding=\"async\" class=\"wp-image-4400 size-medium\" src=\"http:\/\/radioalma.eu\/bruselas\/files\/2018\/11\/Jos\u00e9-Miguel-Arranz-e1542786741685-225x300.jpg\" alt=\"\" width=\"225\" height=\"300\" srcset=\"https:\/\/radioalma.eu\/bruselas\/files\/2018\/11\/Jos\u00e9-Miguel-Arranz-e1542786741685-225x300.jpg 225w, https:\/\/radioalma.eu\/bruselas\/files\/2018\/11\/Jos\u00e9-Miguel-Arranz-e1542786741685-768x1024.jpg 768w, https:\/\/radioalma.eu\/bruselas\/files\/2018\/11\/Jos\u00e9-Miguel-Arranz-e1542786741685-1152x1536.jpg 1152w, https:\/\/radioalma.eu\/bruselas\/files\/2018\/11\/Jos\u00e9-Miguel-Arranz-e1542786741685-1536x2048.jpg 1536w, https:\/\/radioalma.eu\/bruselas\/files\/2018\/11\/Jos\u00e9-Miguel-Arranz-e1542786741685-scaled.jpg 1920w\" sizes=\"(max-width: 225px) 100vw, 225px\" \/><\/a><figcaption id=\"caption-attachment-4400\" class=\"wp-caption-text\">El cantautor Jos\u00e9 Miguel Arranz, en el estudio de Radio Alma<\/figcaption><\/figure>\n<p>Jos\u00e9 Miguel Arranz es un fil\u00f3sofo y cantautor espa\u00f1ol que vive en Bruselas desde hace 14 a\u00f1os. Despu\u00e9s de vivir en \u00c1frica y Reino Unido durante su juventud, donde ejerci\u00f3 como profesor de espa\u00f1ol, Arranz pas\u00f3 muchos a\u00f1os en Espa\u00f1a antes de asentarse en la capital europea. Siempre activo entre el compromiso pol\u00edtico y la m\u00fasica, Jos\u00e9 Miguel dirige en Bruselas una tertulia literaria a la que todo amante de las letras est\u00e1 invitado. Ahora acaba de publicar un disco homenaje a Miguel Hern\u00e1ndez, \u00abMiguel Hern\u00e1ndez, sublime\u00bb, que nos ha hecho escuchar.&nbsp;<\/p>\n<audio class=\"wp-audio-shortcode\" id=\"audio-4397-1\" preload=\"none\" style=\"width: 100%;\" controls=\"controls\"><source type=\"audio\/mpeg\" src=\"http:\/\/radioalma.eu\/bruselas\/files\/2018\/11\/Arranz1.mp3?_=1\" \/><a href=\"http:\/\/radioalma.eu\/bruselas\/files\/2018\/11\/Arranz1.mp3\">http:\/\/radioalma.eu\/bruselas\/files\/2018\/11\/Arranz1.mp3<\/a><\/audio>\n<audio class=\"wp-audio-shortcode\" id=\"audio-4397-2\" preload=\"none\" style=\"width: 100%;\" controls=\"controls\"><source type=\"audio\/mpeg\" src=\"http:\/\/radioalma.eu\/bruselas\/files\/2018\/11\/Arranz2.mp3?_=2\" \/><a href=\"http:\/\/radioalma.eu\/bruselas\/files\/2018\/11\/Arranz2.mp3\">http:\/\/radioalma.eu\/bruselas\/files\/2018\/11\/Arranz2.mp3<\/a><\/audio>\n","protected":false},"excerpt":{"rendered":"<div class=\"mh-excerpt\"><p>Jos\u00e9 Miguel Arranz es un fil\u00f3sofo y cantautor espa\u00f1ol que vive en Bruselas desde hace 14 a\u00f1os. Despu\u00e9s de vivir en \u00c1frica y Reino Unido durante su juventud, donde ejerci\u00f3 como profesor de espa\u00f1ol, Arranz <a class=\"mh-excerpt-more\" href=\"https:\/\/radioalma.eu\/bruselas\/2018\/11\/21\/jose-miguel-arranz-musica-para-poesia-de-miguel-hernandez\/\" title=\"Jos\u00e9 Miguel Arranz: m\u00fasica para poes\u00eda de Miguel Hern\u00e1ndez\">[&#8230;]<\/a><\/p>\n<\/div>","protected":false},"author":51,"featured_media":4400,"comment_status":"open","ping_status":"open","sticky":false,"template":"","format":"standard","meta":{"footnotes":""},"categories":[29],"tags":[1993,1994,1995,22],"class_list":{"0":"post-4397","1":"post","2":"type-post","3":"status-publish","4":"format-standard","5":"has-post-thumbnail","7":"category-protagonista-de-la-semana","8":"tag-jose-miguel-arranz","9":"tag-miguel-hernandez","10":"tag-sublime","11":"tag-tertulia"},"_links":{"self":[{"href":"https:\/\/radioalma.eu\/bruselas\/wp-json\/wp\/v2\/posts\/4397","targetHints":{"allow":["GET"]}}],"collection":[{"href":"https:\/\/radioalma.eu\/bruselas\/wp-json\/wp\/v2\/posts"}],"about":[{"href":"https:\/\/radioalma.eu\/bruselas\/wp-json\/wp\/v2\/types\/post"}],"author":[{"embeddable":true,"href":"https:\/\/radioalma.eu\/bruselas\/wp-json\/wp\/v2\/users\/51"}],"replies":[{"embeddable":true,"href":"https:\/\/radioalma.eu\/bruselas\/wp-json\/wp\/v2\/comments?post=4397"}],"version-history":[{"count":0,"href":"https:\/\/radioalma.eu\/bruselas\/wp-json\/wp\/v2\/posts\/4397\/revisions"}],"wp:featuredmedia":[{"embeddable":true,"href":"https:\/\/radioalma.eu\/bruselas\/wp-json\/wp\/v2\/media\/4400"}],"wp:attachment":[{"href":"https:\/\/radioalma.eu\/bruselas\/wp-json\/wp\/v2\/media?parent=4397"}],"wp:term":[{"taxonomy":"category","embeddable":true,"href":"https:\/\/radioalma.eu\/bruselas\/wp-json\/wp\/v2\/categories?post=4397"},{"taxonomy":"post_tag","embeddable":true,"href":"https:\/\/radioalma.eu\/bruselas\/wp-json\/wp\/v2\/tags?post=4397"}],"curies":[{"name":"wp","href":"https:\/\/api.w.org\/{rel}","templated":true}]}}