{"id":4415,"date":"2018-11-27T15:09:34","date_gmt":"2018-11-27T14:09:34","guid":{"rendered":"http:\/\/radioalma.eu\/bruselas\/?p=4415"},"modified":"2018-11-27T15:09:35","modified_gmt":"2018-11-27T14:09:35","slug":"cata-de-aceite-de-oliva-en-gante-el-proximo-30-de-noviembre","status":"publish","type":"post","link":"https:\/\/radioalma.eu\/bruselas\/2018\/11\/27\/cata-de-aceite-de-oliva-en-gante-el-proximo-30-de-noviembre\/","title":{"rendered":"Cata de aceite de oliva en Gante el pr\u00f3ximo 30 de noviembre"},"content":{"rendered":"<figure id=\"attachment_4417\" aria-describedby=\"caption-attachment-4417\" style=\"width: 300px\" class=\"wp-caption alignleft\"><a href=\"http:\/\/radioalma.eu\/bruselas\/2018\/11\/27\/cata-de-aceite-de-oliva-en-gante-el-proximo-30-de-noviembre\/aceite\/\" rel=\"attachment wp-att-4417\"><img fetchpriority=\"high\" decoding=\"async\" class=\"size-medium wp-image-4417\" src=\"http:\/\/radioalma.eu\/bruselas\/files\/2018\/11\/aceite-300x201.jpg\" alt=\"\" width=\"300\" height=\"201\" srcset=\"https:\/\/radioalma.eu\/bruselas\/files\/2018\/11\/aceite-300x200.jpg 300w, https:\/\/radioalma.eu\/bruselas\/files\/2018\/11\/aceite-768x514.jpg 768w, https:\/\/radioalma.eu\/bruselas\/files\/2018\/11\/aceite-150x100.jpg 150w, https:\/\/radioalma.eu\/bruselas\/files\/2018\/11\/aceite.jpg 960w\" sizes=\"(max-width: 300px) 100vw, 300px\" \/><\/a><figcaption id=\"caption-attachment-4417\" class=\"wp-caption-text\">Imagen de promoci\u00f3n del evento en su p\u00e1gina Facebook<\/figcaption><\/figure>\n<p>La Asociaci\u00f3n Lengua y Cultura Espa\u00f1ola de Gante, ALenCu, organiza el pr\u00f3ximo 30 de noviembre una cata de aceite que contar\u00e1 con la participaci\u00f3n del artista Juanan Soria.&nbsp;<\/p>\n<p>Francisco Lucas es el director de ALenCu Gante.&nbsp;<\/p>\n<audio class=\"wp-audio-shortcode\" id=\"audio-4415-1\" preload=\"none\" style=\"width: 100%;\" controls=\"controls\"><source type=\"audio\/mpeg\" src=\"http:\/\/radioalma.eu\/bruselas\/files\/2018\/11\/04cata.mp3?_=1\" \/><a href=\"http:\/\/radioalma.eu\/bruselas\/files\/2018\/11\/04cata.mp3\">http:\/\/radioalma.eu\/bruselas\/files\/2018\/11\/04cata.mp3<\/a><\/audio>\n","protected":false},"excerpt":{"rendered":"<div class=\"mh-excerpt\"><p>La Asociaci\u00f3n Lengua y Cultura Espa\u00f1ola de Gante, ALenCu, organiza el pr\u00f3ximo 30 de noviembre una cata de aceite que contar\u00e1 con la participaci\u00f3n del artista Juanan Soria.&nbsp; Francisco Lucas es el director de ALenCu <a class=\"mh-excerpt-more\" href=\"https:\/\/radioalma.eu\/bruselas\/2018\/11\/27\/cata-de-aceite-de-oliva-en-gante-el-proximo-30-de-noviembre\/\" title=\"Cata de aceite de oliva en Gante el pr\u00f3ximo 30 de noviembre\">[&#8230;]<\/a><\/p>\n<\/div>","protected":false},"author":51,"featured_media":4417,"comment_status":"open","ping_status":"open","sticky":false,"template":"","format":"standard","meta":{"footnotes":""},"categories":[26,29],"tags":[2000,2002,2001],"class_list":{"0":"post-4415","1":"post","2":"type-post","3":"status-publish","4":"format-standard","5":"has-post-thumbnail","7":"category-agenda-cultural","8":"category-protagonista-de-la-semana","9":"tag-alencu","10":"tag-francisco-lucas","11":"tag-juanan-soria"},"_links":{"self":[{"href":"https:\/\/radioalma.eu\/bruselas\/wp-json\/wp\/v2\/posts\/4415","targetHints":{"allow":["GET"]}}],"collection":[{"href":"https:\/\/radioalma.eu\/bruselas\/wp-json\/wp\/v2\/posts"}],"about":[{"href":"https:\/\/radioalma.eu\/bruselas\/wp-json\/wp\/v2\/types\/post"}],"author":[{"embeddable":true,"href":"https:\/\/radioalma.eu\/bruselas\/wp-json\/wp\/v2\/users\/51"}],"replies":[{"embeddable":true,"href":"https:\/\/radioalma.eu\/bruselas\/wp-json\/wp\/v2\/comments?post=4415"}],"version-history":[{"count":0,"href":"https:\/\/radioalma.eu\/bruselas\/wp-json\/wp\/v2\/posts\/4415\/revisions"}],"wp:featuredmedia":[{"embeddable":true,"href":"https:\/\/radioalma.eu\/bruselas\/wp-json\/wp\/v2\/media\/4417"}],"wp:attachment":[{"href":"https:\/\/radioalma.eu\/bruselas\/wp-json\/wp\/v2\/media?parent=4415"}],"wp:term":[{"taxonomy":"category","embeddable":true,"href":"https:\/\/radioalma.eu\/bruselas\/wp-json\/wp\/v2\/categories?post=4415"},{"taxonomy":"post_tag","embeddable":true,"href":"https:\/\/radioalma.eu\/bruselas\/wp-json\/wp\/v2\/tags?post=4415"}],"curies":[{"name":"wp","href":"https:\/\/api.w.org\/{rel}","templated":true}]}}