{"id":4515,"date":"2019-01-16T09:18:43","date_gmt":"2019-01-16T08:18:43","guid":{"rendered":"http:\/\/radioalma.eu\/bruselas\/?p=4515"},"modified":"2019-01-16T09:18:52","modified_gmt":"2019-01-16T08:18:52","slug":"antonio-sanchez-para-mi-el-jazz-significa-la-libertad","status":"publish","type":"post","link":"https:\/\/radioalma.eu\/bruselas\/2019\/01\/16\/antonio-sanchez-para-mi-el-jazz-significa-la-libertad\/","title":{"rendered":"Antonio S\u00e1nchez: \u00abPara m\u00ed el jazz significa la libertad\u00bb"},"content":{"rendered":"<figure id=\"attachment_4517\" aria-describedby=\"caption-attachment-4517\" style=\"width: 300px\" class=\"wp-caption alignleft\"><a href=\"http:\/\/radioalma.eu\/bruselas\/2019\/01\/16\/antonio-sanchez-para-mi-el-jazz-significa-la-libertad\/antonio-sanchez\/\" rel=\"attachment wp-att-4517\"><img fetchpriority=\"high\" decoding=\"async\" class=\"size-medium wp-image-4517\" src=\"http:\/\/radioalma.eu\/bruselas\/files\/2019\/01\/Antonio-S\u00e1nchez-300x200.jpg\" alt=\"\" width=\"300\" height=\"200\" srcset=\"https:\/\/radioalma.eu\/bruselas\/files\/2019\/01\/Antonio-S\u00e1nchez-300x200.jpg 300w, https:\/\/radioalma.eu\/bruselas\/files\/2019\/01\/Antonio-S\u00e1nchez-768x512.jpg 768w, https:\/\/radioalma.eu\/bruselas\/files\/2019\/01\/Antonio-S\u00e1nchez-150x100.jpg 150w, https:\/\/radioalma.eu\/bruselas\/files\/2019\/01\/Antonio-S\u00e1nchez.jpg 960w\" sizes=\"(max-width: 300px) 100vw, 300px\" \/><\/a><figcaption id=\"caption-attachment-4517\" class=\"wp-caption-text\">El baterista de jazz mexicano Antonio S\u00e1nchez<\/figcaption><\/figure>\n<p>Antonio S\u00e1nchez es baterista de jazz, compositor. Conocido entre el p\u00fablico entendido por su trabajo en solitario y tambi\u00e9n por formar parte del Pat Metheny Group, S\u00e1nchez lleg\u00f3 a las masas por la composici\u00f3n de la banda sonora de la oscarizada pel\u00edcula <em>Birdman<\/em>, por la que recibi\u00f3, entre otros, el Grammy a la mejor composici\u00f3n instrumental escrita para pel\u00edcula.<\/p>\n<p>El pasado s\u00e1bado actu\u00f3 en Bruselas, en la plaza Flagey, dentro del Brussels Jazz Festival, donde present\u00f3 su \u00faltimo trabajo, \u201cAntonio S\u00e1nchez and Migration\u201d.<\/p>\n<audio class=\"wp-audio-shortcode\" id=\"audio-4515-1\" preload=\"none\" style=\"width: 100%;\" controls=\"controls\"><source type=\"audio\/mpeg\" src=\"http:\/\/radioalma.eu\/bruselas\/files\/2019\/01\/05antonio.mp3?_=1\" \/><a href=\"http:\/\/radioalma.eu\/bruselas\/files\/2019\/01\/05antonio.mp3\">http:\/\/radioalma.eu\/bruselas\/files\/2019\/01\/05antonio.mp3<\/a><\/audio>\n","protected":false},"excerpt":{"rendered":"<div class=\"mh-excerpt\"><p>Antonio S\u00e1nchez es baterista de jazz, compositor. Conocido entre el p\u00fablico entendido por su trabajo en solitario y tambi\u00e9n por formar parte del Pat Metheny Group, S\u00e1nchez lleg\u00f3 a las masas por la composici\u00f3n de <a class=\"mh-excerpt-more\" href=\"https:\/\/radioalma.eu\/bruselas\/2019\/01\/16\/antonio-sanchez-para-mi-el-jazz-significa-la-libertad\/\" title=\"Antonio S\u00e1nchez: \u00abPara m\u00ed el jazz significa la libertad\u00bb\">[&#8230;]<\/a><\/p>\n<\/div>","protected":false},"author":51,"featured_media":4517,"comment_status":"open","ping_status":"open","sticky":false,"template":"","format":"standard","meta":{"footnotes":""},"categories":[26,29],"tags":[2041,2043,27,22],"class_list":{"0":"post-4515","1":"post","2":"type-post","3":"status-publish","4":"format-standard","5":"has-post-thumbnail","7":"category-agenda-cultural","8":"category-protagonista-de-la-semana","9":"tag-antonio-sanchez","10":"tag-birdman","11":"tag-bruselas-agenda-cultural","12":"tag-tertulia"},"_links":{"self":[{"href":"https:\/\/radioalma.eu\/bruselas\/wp-json\/wp\/v2\/posts\/4515","targetHints":{"allow":["GET"]}}],"collection":[{"href":"https:\/\/radioalma.eu\/bruselas\/wp-json\/wp\/v2\/posts"}],"about":[{"href":"https:\/\/radioalma.eu\/bruselas\/wp-json\/wp\/v2\/types\/post"}],"author":[{"embeddable":true,"href":"https:\/\/radioalma.eu\/bruselas\/wp-json\/wp\/v2\/users\/51"}],"replies":[{"embeddable":true,"href":"https:\/\/radioalma.eu\/bruselas\/wp-json\/wp\/v2\/comments?post=4515"}],"version-history":[{"count":0,"href":"https:\/\/radioalma.eu\/bruselas\/wp-json\/wp\/v2\/posts\/4515\/revisions"}],"wp:featuredmedia":[{"embeddable":true,"href":"https:\/\/radioalma.eu\/bruselas\/wp-json\/wp\/v2\/media\/4517"}],"wp:attachment":[{"href":"https:\/\/radioalma.eu\/bruselas\/wp-json\/wp\/v2\/media?parent=4515"}],"wp:term":[{"taxonomy":"category","embeddable":true,"href":"https:\/\/radioalma.eu\/bruselas\/wp-json\/wp\/v2\/categories?post=4515"},{"taxonomy":"post_tag","embeddable":true,"href":"https:\/\/radioalma.eu\/bruselas\/wp-json\/wp\/v2\/tags?post=4515"}],"curies":[{"name":"wp","href":"https:\/\/api.w.org\/{rel}","templated":true}]}}