{"id":4711,"date":"2019-04-03T07:50:38","date_gmt":"2019-04-03T06:50:38","guid":{"rendered":"http:\/\/radioalma.eu\/bruselas\/?p=4711"},"modified":"2019-04-03T07:50:48","modified_gmt":"2019-04-03T06:50:48","slug":"palabras-con-asun-compremos-un-jean","status":"publish","type":"post","link":"https:\/\/radioalma.eu\/bruselas\/2019\/04\/03\/palabras-con-asun-compremos-un-jean\/","title":{"rendered":"\u00abPalabras con Asun\u00bb: compremos un jean"},"content":{"rendered":"\n<figure class=\"wp-block-image\"><img fetchpriority=\"high\" decoding=\"async\" width=\"337\" height=\"450\" src=\"http:\/\/radioalma.eu\/bruselas\/files\/2019\/04\/vaquero.jpg\" alt=\"\" class=\"wp-image-4713\" srcset=\"https:\/\/radioalma.eu\/bruselas\/files\/2019\/04\/vaquero.jpg 337w, https:\/\/radioalma.eu\/bruselas\/files\/2019\/04\/vaquero-225x300.jpg 225w\" sizes=\"(max-width: 337px) 100vw, 337px\" \/><figcaption><em>Vaquero<\/em>, de Frederic Remington<\/figcaption><\/figure>\n\n\n\n<p>En todas las lenguas tenemos palabras procedentes de otros idiomas, los famosos \u00abextranjerismos\u00bb, pero no siempre sabemos de d\u00f3nde vienen todos.  Es el caso de la palabra &#8216;jean&#8217;, que aunque pueda sonarnos muy ingl\u00e9s y remitirnos a esas pel\u00edculas de &#8216;vaqueros&#8217; y &#8216;tejanos&#8217; tan de Hollywood, tiene un origen muy particular. <\/p>\n\n\n\n<p>Pasen y escuchen:<\/p>\n\n\n\n<figure class=\"wp-block-audio\"><audio controls src=\"http:\/\/radioalma.eu\/bruselas\/files\/2019\/04\/08asun.mp3\"><\/audio><\/figure>\n","protected":false},"excerpt":{"rendered":"<div class=\"mh-excerpt\"><p>En todas las lenguas tenemos palabras procedentes de otros idiomas, los famosos \u00abextranjerismos\u00bb, pero no siempre sabemos de d\u00f3nde vienen todos. Es el caso de la palabra &#8216;jean&#8217;, que aunque pueda sonarnos muy ingl\u00e9s y <a class=\"mh-excerpt-more\" href=\"https:\/\/radioalma.eu\/bruselas\/2019\/04\/03\/palabras-con-asun-compremos-un-jean\/\" title=\"\u00abPalabras con Asun\u00bb: compremos un jean\">[&#8230;]<\/a><\/p>\n<\/div>","protected":false},"author":51,"featured_media":4713,"comment_status":"open","ping_status":"open","sticky":false,"template":"","format":"standard","meta":{"footnotes":""},"categories":[],"tags":[2118,2121,22],"class_list":{"0":"post-4711","1":"post","2":"type-post","3":"status-publish","4":"format-standard","5":"has-post-thumbnail","7":"tag-jean","8":"tag-octavio-paz","9":"tag-tertulia"},"_links":{"self":[{"href":"https:\/\/radioalma.eu\/bruselas\/wp-json\/wp\/v2\/posts\/4711","targetHints":{"allow":["GET"]}}],"collection":[{"href":"https:\/\/radioalma.eu\/bruselas\/wp-json\/wp\/v2\/posts"}],"about":[{"href":"https:\/\/radioalma.eu\/bruselas\/wp-json\/wp\/v2\/types\/post"}],"author":[{"embeddable":true,"href":"https:\/\/radioalma.eu\/bruselas\/wp-json\/wp\/v2\/users\/51"}],"replies":[{"embeddable":true,"href":"https:\/\/radioalma.eu\/bruselas\/wp-json\/wp\/v2\/comments?post=4711"}],"version-history":[{"count":0,"href":"https:\/\/radioalma.eu\/bruselas\/wp-json\/wp\/v2\/posts\/4711\/revisions"}],"wp:featuredmedia":[{"embeddable":true,"href":"https:\/\/radioalma.eu\/bruselas\/wp-json\/wp\/v2\/media\/4713"}],"wp:attachment":[{"href":"https:\/\/radioalma.eu\/bruselas\/wp-json\/wp\/v2\/media?parent=4711"}],"wp:term":[{"taxonomy":"category","embeddable":true,"href":"https:\/\/radioalma.eu\/bruselas\/wp-json\/wp\/v2\/categories?post=4711"},{"taxonomy":"post_tag","embeddable":true,"href":"https:\/\/radioalma.eu\/bruselas\/wp-json\/wp\/v2\/tags?post=4711"}],"curies":[{"name":"wp","href":"https:\/\/api.w.org\/{rel}","templated":true}]}}