{"id":4864,"date":"2019-05-29T08:30:03","date_gmt":"2019-05-29T07:30:03","guid":{"rendered":"http:\/\/radioalma.eu\/bruselas\/?p=4864"},"modified":"2019-05-29T08:30:21","modified_gmt":"2019-05-29T07:30:21","slug":"mirage-un-proyecto-coreografico-de-olga-de-soto","status":"publish","type":"post","link":"https:\/\/radioalma.eu\/bruselas\/2019\/05\/29\/mirage-un-proyecto-coreografico-de-olga-de-soto\/","title":{"rendered":"Mirage, un proyecto coreogr\u00e1fico de Olga de Soto"},"content":{"rendered":"\n<figure class=\"wp-block-image\"><img fetchpriority=\"high\" decoding=\"async\" width=\"967\" height=\"561\" src=\"http:\/\/radioalma.eu\/bruselas\/files\/2019\/05\/Mirage-OlgadeSoto-OlgadeSoto.jpg\" alt=\"\" class=\"wp-image-4866\" srcset=\"https:\/\/radioalma.eu\/bruselas\/files\/2019\/05\/Mirage-OlgadeSoto-OlgadeSoto.jpg 967w, https:\/\/radioalma.eu\/bruselas\/files\/2019\/05\/Mirage-OlgadeSoto-OlgadeSoto-300x174.jpg 300w, https:\/\/radioalma.eu\/bruselas\/files\/2019\/05\/Mirage-OlgadeSoto-OlgadeSoto-768x446.jpg 768w\" sizes=\"(max-width: 967px) 100vw, 967px\" \/><\/figure>\n\n\n\n<p>Olga de\nSoto, madrile\u00f1a que empez\u00f3 a bailar a mediados de los a\u00f1os 80, reside ahora en\nB\u00e9lgica donde desarrolla su labor como bailarina y como creadora y core\u00f3grafa.\nExplorar la memoria corporal es uno de sus signos de identidad a la hora de crear\nel baile.<\/p>\n\n\n\n<p>Aunque uno de sus \u00faltimos proyectos, Mirage, ya lo present\u00f3 en Bruselas en febrero, el pasado fin de semana hemos podido verlo a trav\u00e9s de una <em>performance <\/em>en Central for Contemporary Art junto a la exposici\u00f3n art\u00edstica de Sophie Whettnall. <\/p>\n\n\n\n<p>Leonor Ari\u00f1o ha hablado con Olga de Soto.<\/p>\n\n\n\n<figure class=\"wp-block-audio\"><audio controls src=\"http:\/\/radioalma.eu\/bruselas\/files\/2019\/05\/04OlgaDeSoto_.mp3\"><\/audio><\/figure>\n\n\n\n<p> <\/p>\n","protected":false},"excerpt":{"rendered":"<div class=\"mh-excerpt\"><p>Olga de Soto, madrile\u00f1a que empez\u00f3 a bailar a mediados de los a\u00f1os 80, reside ahora en B\u00e9lgica donde desarrolla su labor como bailarina y como creadora y core\u00f3grafa. Explorar la memoria corporal es uno <a class=\"mh-excerpt-more\" href=\"https:\/\/radioalma.eu\/bruselas\/2019\/05\/29\/mirage-un-proyecto-coreografico-de-olga-de-soto\/\" title=\"Mirage, un proyecto coreogr\u00e1fico de Olga de Soto\">[&#8230;]<\/a><\/p>\n<\/div>","protected":false},"author":51,"featured_media":4866,"comment_status":"open","ping_status":"open","sticky":false,"template":"","format":"standard","meta":{"footnotes":""},"categories":[26],"tags":[27,2203,2205,22],"class_list":{"0":"post-4864","1":"post","2":"type-post","3":"status-publish","4":"format-standard","5":"has-post-thumbnail","7":"category-agenda-cultural","8":"tag-bruselas-agenda-cultural","9":"tag-mirage","10":"tag-sophie-whettnall","11":"tag-tertulia"},"_links":{"self":[{"href":"https:\/\/radioalma.eu\/bruselas\/wp-json\/wp\/v2\/posts\/4864","targetHints":{"allow":["GET"]}}],"collection":[{"href":"https:\/\/radioalma.eu\/bruselas\/wp-json\/wp\/v2\/posts"}],"about":[{"href":"https:\/\/radioalma.eu\/bruselas\/wp-json\/wp\/v2\/types\/post"}],"author":[{"embeddable":true,"href":"https:\/\/radioalma.eu\/bruselas\/wp-json\/wp\/v2\/users\/51"}],"replies":[{"embeddable":true,"href":"https:\/\/radioalma.eu\/bruselas\/wp-json\/wp\/v2\/comments?post=4864"}],"version-history":[{"count":0,"href":"https:\/\/radioalma.eu\/bruselas\/wp-json\/wp\/v2\/posts\/4864\/revisions"}],"wp:featuredmedia":[{"embeddable":true,"href":"https:\/\/radioalma.eu\/bruselas\/wp-json\/wp\/v2\/media\/4866"}],"wp:attachment":[{"href":"https:\/\/radioalma.eu\/bruselas\/wp-json\/wp\/v2\/media?parent=4864"}],"wp:term":[{"taxonomy":"category","embeddable":true,"href":"https:\/\/radioalma.eu\/bruselas\/wp-json\/wp\/v2\/categories?post=4864"},{"taxonomy":"post_tag","embeddable":true,"href":"https:\/\/radioalma.eu\/bruselas\/wp-json\/wp\/v2\/tags?post=4864"}],"curies":[{"name":"wp","href":"https:\/\/api.w.org\/{rel}","templated":true}]}}