{"id":4884,"date":"2019-06-05T10:18:25","date_gmt":"2019-06-05T09:18:25","guid":{"rendered":"http:\/\/radioalma.eu\/bruselas\/?p=4884"},"modified":"2019-06-05T10:18:33","modified_gmt":"2019-06-05T09:18:33","slug":"palabras-con-asun-el-calo-o-por-que-a-los-ladrones-se-les-llama-chorizos","status":"publish","type":"post","link":"https:\/\/radioalma.eu\/bruselas\/2019\/06\/05\/palabras-con-asun-el-calo-o-por-que-a-los-ladrones-se-les-llama-chorizos\/","title":{"rendered":"\u00abPalabras con Asun\u00bb: el cal\u00f3, o por qu\u00e9 a los ladrones se les llama &#8216;chorizos&#8217;"},"content":{"rendered":"\n<figure class=\"wp-block-image\"><img fetchpriority=\"high\" decoding=\"async\" width=\"657\" height=\"533\" src=\"http:\/\/radioalma.eu\/bruselas\/files\/2019\/06\/chorizo.jpg\" alt=\"\" class=\"wp-image-4886\" srcset=\"https:\/\/radioalma.eu\/bruselas\/files\/2019\/06\/chorizo.jpg 657w, https:\/\/radioalma.eu\/bruselas\/files\/2019\/06\/chorizo-300x243.jpg 300w\" sizes=\"(max-width: 657px) 100vw, 657px\" \/><\/figure>\n\n\n\n<p>Esta semana hemos dedicado nuestra secci\u00f3n \u00abPalabras con Asun\u00bb al cal\u00f3, una lengua variante del roman\u00ed utilizada por el pueblo gitano principalmente en Espa\u00f1a, y hemos visto tambi\u00e9n el influjo que ha tenido en nuestro idioma. <\/p>\n\n\n\n<figure class=\"wp-block-audio\"><audio controls src=\"http:\/\/radioalma.eu\/bruselas\/files\/2019\/06\/08asun_.mp3\"><\/audio><\/figure>\n","protected":false},"excerpt":{"rendered":"<div class=\"mh-excerpt\"><p>Esta semana hemos dedicado nuestra secci\u00f3n \u00abPalabras con Asun\u00bb al cal\u00f3, una lengua variante del roman\u00ed utilizada por el pueblo gitano principalmente en Espa\u00f1a, y hemos visto tambi\u00e9n el influjo que ha tenido en nuestro <a class=\"mh-excerpt-more\" href=\"https:\/\/radioalma.eu\/bruselas\/2019\/06\/05\/palabras-con-asun-el-calo-o-por-que-a-los-ladrones-se-les-llama-chorizos\/\" title=\"\u00abPalabras con Asun\u00bb: el cal\u00f3, o por qu\u00e9 a los ladrones se les llama &#8216;chorizos&#8217;\">[&#8230;]<\/a><\/p>\n<\/div>","protected":false},"author":51,"featured_media":4886,"comment_status":"open","ping_status":"open","sticky":false,"template":"","format":"standard","meta":{"footnotes":""},"categories":[],"tags":[2216,2053,22],"class_list":{"0":"post-4884","1":"post","2":"type-post","3":"status-publish","4":"format-standard","5":"has-post-thumbnail","7":"tag-chorizo","8":"tag-palabras-con-asun","9":"tag-tertulia"},"_links":{"self":[{"href":"https:\/\/radioalma.eu\/bruselas\/wp-json\/wp\/v2\/posts\/4884","targetHints":{"allow":["GET"]}}],"collection":[{"href":"https:\/\/radioalma.eu\/bruselas\/wp-json\/wp\/v2\/posts"}],"about":[{"href":"https:\/\/radioalma.eu\/bruselas\/wp-json\/wp\/v2\/types\/post"}],"author":[{"embeddable":true,"href":"https:\/\/radioalma.eu\/bruselas\/wp-json\/wp\/v2\/users\/51"}],"replies":[{"embeddable":true,"href":"https:\/\/radioalma.eu\/bruselas\/wp-json\/wp\/v2\/comments?post=4884"}],"version-history":[{"count":0,"href":"https:\/\/radioalma.eu\/bruselas\/wp-json\/wp\/v2\/posts\/4884\/revisions"}],"wp:featuredmedia":[{"embeddable":true,"href":"https:\/\/radioalma.eu\/bruselas\/wp-json\/wp\/v2\/media\/4886"}],"wp:attachment":[{"href":"https:\/\/radioalma.eu\/bruselas\/wp-json\/wp\/v2\/media?parent=4884"}],"wp:term":[{"taxonomy":"category","embeddable":true,"href":"https:\/\/radioalma.eu\/bruselas\/wp-json\/wp\/v2\/categories?post=4884"},{"taxonomy":"post_tag","embeddable":true,"href":"https:\/\/radioalma.eu\/bruselas\/wp-json\/wp\/v2\/tags?post=4884"}],"curies":[{"name":"wp","href":"https:\/\/api.w.org\/{rel}","templated":true}]}}