{"id":4928,"date":"2019-06-18T14:06:04","date_gmt":"2019-06-18T13:06:04","guid":{"rendered":"http:\/\/radioalma.eu\/bruselas\/?p=4928"},"modified":"2019-06-19T10:23:21","modified_gmt":"2019-06-19T09:23:21","slug":"luz-casal-que-corra-el-aire-es-una-perspectiva-de-lo-que-pienso-lo-que-siento-lo-que-me-afecta-e-incluso-lo-que-me-divierte","status":"publish","type":"post","link":"https:\/\/radioalma.eu\/bruselas\/2019\/06\/18\/luz-casal-que-corra-el-aire-es-una-perspectiva-de-lo-que-pienso-lo-que-siento-lo-que-me-afecta-e-incluso-lo-que-me-divierte\/","title":{"rendered":"Luz Casal: \u00ab&#8216;Que corra el aire&#8217; es una perspectiva de lo que pienso, lo que siento, lo que me afecta e incluso lo que me divierte\u00bb"},"content":{"rendered":"\n<figure class=\"wp-block-image\"><img fetchpriority=\"high\" decoding=\"async\" width=\"1024\" height=\"576\" src=\"http:\/\/radioalma.eu\/bruselas\/files\/2019\/06\/190622luz-casalluz-casal-t27i8kk-1024x576.jpg\" alt=\"\" class=\"wp-image-4931\" srcset=\"https:\/\/radioalma.eu\/bruselas\/files\/2019\/06\/190622luz-casalluz-casal-t27i8kk-1024x576.jpg 1024w, https:\/\/radioalma.eu\/bruselas\/files\/2019\/06\/190622luz-casalluz-casal-t27i8kk-300x169.jpg 300w, https:\/\/radioalma.eu\/bruselas\/files\/2019\/06\/190622luz-casalluz-casal-t27i8kk-768x432.jpg 768w, https:\/\/radioalma.eu\/bruselas\/files\/2019\/06\/190622luz-casalluz-casal-t27i8kk-678x381.jpg 678w, https:\/\/radioalma.eu\/bruselas\/files\/2019\/06\/190622luz-casalluz-casal-t27i8kk.jpg 1280w\" sizes=\"(max-width: 1024px) 100vw, 1024px\" \/><figcaption>Luz Casal actuar\u00e1 el 22 de junio en la Ancienne Belgique<\/figcaption><\/figure>\n\n\n\n<p dir=\"ltr\">Luz Casal llega a Bruselas el pr\u00f3ximo s\u00e1bado 22 de junio para presentar su \u00faltimo disco, \u00abQue corra el aire\u00bb. Ser\u00e1 en la Ancienne Belgique, el mismo lugar donde actu\u00f3 la \u00faltima vez que estuvo en la capital belga, en 2014.<\/p>\n<p dir=\"ltr\">Con su personal\u00edsimo estilo, la cantante gallega es muy apreciada fuera de las fronteras espa\u00f1olas, y particularmente en el mundo franc\u00f3fono.<\/p>\n<audio class=\"wp-audio-shortcode\" id=\"audio-4928-1\" preload=\"none\" style=\"width: 100%;\" controls=\"controls\"><source type=\"audio\/mpeg\" src=\"http:\/\/radioalma.eu\/bruselas\/files\/2019\/06\/04luz.mp3?_=1\" \/><a href=\"http:\/\/radioalma.eu\/bruselas\/files\/2019\/06\/04luz.mp3\">http:\/\/radioalma.eu\/bruselas\/files\/2019\/06\/04luz.mp3<\/a><\/audio>\n","protected":false},"excerpt":{"rendered":"<div class=\"mh-excerpt\"><p>Luz Casal llega a Bruselas el pr\u00f3ximo s\u00e1bado 22 de junio para presentar su \u00faltimo disco, \u00abQue corra el aire\u00bb. Ser\u00e1 en la Ancienne Belgique, el mismo lugar donde actu\u00f3 la \u00faltima vez que estuvo <a class=\"mh-excerpt-more\" href=\"https:\/\/radioalma.eu\/bruselas\/2019\/06\/18\/luz-casal-que-corra-el-aire-es-una-perspectiva-de-lo-que-pienso-lo-que-siento-lo-que-me-afecta-e-incluso-lo-que-me-divierte\/\" title=\"Luz Casal: \u00ab&#8216;Que corra el aire&#8217; es una perspectiva de lo que pienso, lo que siento, lo que me afecta e incluso lo que me divierte\u00bb\">[&#8230;]<\/a><\/p>\n<\/div>","protected":false},"author":51,"featured_media":4931,"comment_status":"open","ping_status":"open","sticky":false,"template":"","format":"standard","meta":{"footnotes":""},"categories":[26,29],"tags":[2063,27,22],"class_list":{"0":"post-4928","1":"post","2":"type-post","3":"status-publish","4":"format-standard","5":"has-post-thumbnail","7":"category-agenda-cultural","8":"category-protagonista-de-la-semana","9":"tag-ancienne-belgique","10":"tag-bruselas-agenda-cultural","11":"tag-tertulia"},"_links":{"self":[{"href":"https:\/\/radioalma.eu\/bruselas\/wp-json\/wp\/v2\/posts\/4928","targetHints":{"allow":["GET"]}}],"collection":[{"href":"https:\/\/radioalma.eu\/bruselas\/wp-json\/wp\/v2\/posts"}],"about":[{"href":"https:\/\/radioalma.eu\/bruselas\/wp-json\/wp\/v2\/types\/post"}],"author":[{"embeddable":true,"href":"https:\/\/radioalma.eu\/bruselas\/wp-json\/wp\/v2\/users\/51"}],"replies":[{"embeddable":true,"href":"https:\/\/radioalma.eu\/bruselas\/wp-json\/wp\/v2\/comments?post=4928"}],"version-history":[{"count":0,"href":"https:\/\/radioalma.eu\/bruselas\/wp-json\/wp\/v2\/posts\/4928\/revisions"}],"wp:featuredmedia":[{"embeddable":true,"href":"https:\/\/radioalma.eu\/bruselas\/wp-json\/wp\/v2\/media\/4931"}],"wp:attachment":[{"href":"https:\/\/radioalma.eu\/bruselas\/wp-json\/wp\/v2\/media?parent=4928"}],"wp:term":[{"taxonomy":"category","embeddable":true,"href":"https:\/\/radioalma.eu\/bruselas\/wp-json\/wp\/v2\/categories?post=4928"},{"taxonomy":"post_tag","embeddable":true,"href":"https:\/\/radioalma.eu\/bruselas\/wp-json\/wp\/v2\/tags?post=4928"}],"curies":[{"name":"wp","href":"https:\/\/api.w.org\/{rel}","templated":true}]}}