{"id":5134,"date":"2019-10-24T08:06:03","date_gmt":"2019-10-24T07:06:03","guid":{"rendered":"http:\/\/radioalma.eu\/bruselas\/?p=5134"},"modified":"2019-10-24T08:06:06","modified_gmt":"2019-10-24T07:06:06","slug":"oleo-trio-flamenco-diferente-en-saint-gilles","status":"publish","type":"post","link":"https:\/\/radioalma.eu\/bruselas\/2019\/10\/24\/oleo-trio-flamenco-diferente-en-saint-gilles\/","title":{"rendered":"Oleo Tr\u00edo, flamenco diferente en Saint-Gilles"},"content":{"rendered":"\n<figure class=\"wp-block-image\"><img fetchpriority=\"high\" decoding=\"async\" width=\"275\" height=\"183\" src=\"http:\/\/radioalma.eu\/bruselas\/files\/2019\/10\/oleo.jpg\" alt=\"\" class=\"wp-image-5136\" srcset=\"https:\/\/radioalma.eu\/bruselas\/files\/2019\/10\/oleo.jpg 275w, https:\/\/radioalma.eu\/bruselas\/files\/2019\/10\/oleo-150x100.jpg 150w\" sizes=\"(max-width: 275px) 100vw, 275px\" \/><figcaption>Antonio Segura, Serge Dacosse y Fran\u00e7ois Taillefer forman Oleo Tr\u00edo<\/figcaption><\/figure>\n\n\n\n<p>El pasado s\u00e1bado, el grupo de flamenco Oleo Tr\u00edo actu\u00f3 en la Maison du Peuple de Saint-Gilles dentro de la fiesta \u00abL&#8217;Espagne au coeur de Saint-Gilles\u00bb.&nbsp;<\/p>\n<p>Antonio Segura, l\u00edder y guitarrista de Oleo Tr\u00edo.&nbsp;<\/p>\n<audio class=\"wp-audio-shortcode\" id=\"audio-5134-1\" preload=\"none\" style=\"width: 100%;\" controls=\"controls\"><source type=\"audio\/mpeg\" src=\"http:\/\/radioalma.eu\/bruselas\/files\/2019\/10\/04antonio.mp3?_=1\" \/><a href=\"http:\/\/radioalma.eu\/bruselas\/files\/2019\/10\/04antonio.mp3\">http:\/\/radioalma.eu\/bruselas\/files\/2019\/10\/04antonio.mp3<\/a><\/audio>\n","protected":false},"excerpt":{"rendered":"<div class=\"mh-excerpt\"><p>El pasado s\u00e1bado, el grupo de flamenco Oleo Tr\u00edo actu\u00f3 en la Maison du Peuple de Saint-Gilles dentro de la fiesta \u00abL&#8217;Espagne au coeur de Saint-Gilles\u00bb.&nbsp; Antonio Segura, l\u00edder y guitarrista de Oleo Tr\u00edo.&nbsp;<\/p>\n<\/div>","protected":false},"author":51,"featured_media":5136,"comment_status":"open","ping_status":"open","sticky":false,"template":"","format":"standard","meta":{"footnotes":""},"categories":[26,29],"tags":[27,22],"class_list":{"0":"post-5134","1":"post","2":"type-post","3":"status-publish","4":"format-standard","5":"has-post-thumbnail","7":"category-agenda-cultural","8":"category-protagonista-de-la-semana","9":"tag-bruselas-agenda-cultural","10":"tag-tertulia"},"_links":{"self":[{"href":"https:\/\/radioalma.eu\/bruselas\/wp-json\/wp\/v2\/posts\/5134","targetHints":{"allow":["GET"]}}],"collection":[{"href":"https:\/\/radioalma.eu\/bruselas\/wp-json\/wp\/v2\/posts"}],"about":[{"href":"https:\/\/radioalma.eu\/bruselas\/wp-json\/wp\/v2\/types\/post"}],"author":[{"embeddable":true,"href":"https:\/\/radioalma.eu\/bruselas\/wp-json\/wp\/v2\/users\/51"}],"replies":[{"embeddable":true,"href":"https:\/\/radioalma.eu\/bruselas\/wp-json\/wp\/v2\/comments?post=5134"}],"version-history":[{"count":0,"href":"https:\/\/radioalma.eu\/bruselas\/wp-json\/wp\/v2\/posts\/5134\/revisions"}],"wp:featuredmedia":[{"embeddable":true,"href":"https:\/\/radioalma.eu\/bruselas\/wp-json\/wp\/v2\/media\/5136"}],"wp:attachment":[{"href":"https:\/\/radioalma.eu\/bruselas\/wp-json\/wp\/v2\/media?parent=5134"}],"wp:term":[{"taxonomy":"category","embeddable":true,"href":"https:\/\/radioalma.eu\/bruselas\/wp-json\/wp\/v2\/categories?post=5134"},{"taxonomy":"post_tag","embeddable":true,"href":"https:\/\/radioalma.eu\/bruselas\/wp-json\/wp\/v2\/tags?post=5134"}],"curies":[{"name":"wp","href":"https:\/\/api.w.org\/{rel}","templated":true}]}}