{"id":5244,"date":"2020-01-08T09:03:41","date_gmt":"2020-01-08T08:03:41","guid":{"rendered":"http:\/\/radioalma.eu\/bruselas\/?p=5244"},"modified":"2020-01-08T09:03:44","modified_gmt":"2020-01-08T08:03:44","slug":"nuhacet-un-bailarin-canario-en-bruselas","status":"publish","type":"post","link":"https:\/\/radioalma.eu\/bruselas\/2020\/01\/08\/nuhacet-un-bailarin-canario-en-bruselas\/","title":{"rendered":"Nuhacet, un bailar\u00edn canario en Bruselas"},"content":{"rendered":"\n<figure class=\"wp-block-image size-large\"><img fetchpriority=\"high\" decoding=\"async\" width=\"768\" height=\"1024\" src=\"http:\/\/radioalma.eu\/bruselas\/files\/2020\/01\/Nuhacet-768x1024.jpg\" alt=\"\" class=\"wp-image-5246\" srcset=\"https:\/\/radioalma.eu\/bruselas\/files\/2020\/01\/Nuhacet-768x1024.jpg 768w, https:\/\/radioalma.eu\/bruselas\/files\/2020\/01\/Nuhacet-225x300.jpg 225w, https:\/\/radioalma.eu\/bruselas\/files\/2020\/01\/Nuhacet-1152x1536.jpg 1152w, https:\/\/radioalma.eu\/bruselas\/files\/2020\/01\/Nuhacet-1536x2048.jpg 1536w, https:\/\/radioalma.eu\/bruselas\/files\/2020\/01\/Nuhacet-scaled.jpg 1920w\" sizes=\"(max-width: 768px) 100vw, 768px\" \/><figcaption>El bailar\u00edn Nuhacet Guerra, en el estudio<\/figcaption><\/figure>\n\n\n\n<p>Nuhacet Guerra es un bailar\u00edn canario que lleg\u00f3 a Bruselas hace ya varios a\u00f1os para formar parte de una compa\u00f1\u00eda flamenca de nombre muy espa\u00f1ol, \u00daltima Vez. Ahora trabaja por cuenta propia dando clases de danza contempor\u00e1nea en Bruselas y en otros lugares del mundo.&nbsp;<\/p>\n<audio class=\"wp-audio-shortcode\" id=\"audio-5244-1\" preload=\"none\" style=\"width: 100%;\" controls=\"controls\"><source type=\"audio\/mpeg\" src=\"http:\/\/radioalma.eu\/bruselas\/files\/2020\/01\/Nuhacet.mp3?_=1\" \/><a href=\"http:\/\/radioalma.eu\/bruselas\/files\/2020\/01\/Nuhacet.mp3\">http:\/\/radioalma.eu\/bruselas\/files\/2020\/01\/Nuhacet.mp3<\/a><\/audio>\n","protected":false},"excerpt":{"rendered":"<div class=\"mh-excerpt\"><p>Nuhacet Guerra es un bailar\u00edn canario que lleg\u00f3 a Bruselas hace ya varios a\u00f1os para formar parte de una compa\u00f1\u00eda flamenca de nombre muy espa\u00f1ol, \u00daltima Vez. Ahora trabaja por cuenta propia dando clases de <a class=\"mh-excerpt-more\" href=\"https:\/\/radioalma.eu\/bruselas\/2020\/01\/08\/nuhacet-un-bailarin-canario-en-bruselas\/\" title=\"Nuhacet, un bailar\u00edn canario en Bruselas\">[&#8230;]<\/a><\/p>\n<\/div>","protected":false},"author":51,"featured_media":5246,"comment_status":"open","ping_status":"open","sticky":false,"template":"","format":"standard","meta":{"footnotes":""},"categories":[29],"tags":[27,2408,2407,22],"class_list":{"0":"post-5244","1":"post","2":"type-post","3":"status-publish","4":"format-standard","5":"has-post-thumbnail","7":"category-protagonista-de-la-semana","8":"tag-bruselas-agenda-cultural","9":"tag-danza-contemporanea","10":"tag-nuhacet-guerra","11":"tag-tertulia"},"_links":{"self":[{"href":"https:\/\/radioalma.eu\/bruselas\/wp-json\/wp\/v2\/posts\/5244","targetHints":{"allow":["GET"]}}],"collection":[{"href":"https:\/\/radioalma.eu\/bruselas\/wp-json\/wp\/v2\/posts"}],"about":[{"href":"https:\/\/radioalma.eu\/bruselas\/wp-json\/wp\/v2\/types\/post"}],"author":[{"embeddable":true,"href":"https:\/\/radioalma.eu\/bruselas\/wp-json\/wp\/v2\/users\/51"}],"replies":[{"embeddable":true,"href":"https:\/\/radioalma.eu\/bruselas\/wp-json\/wp\/v2\/comments?post=5244"}],"version-history":[{"count":0,"href":"https:\/\/radioalma.eu\/bruselas\/wp-json\/wp\/v2\/posts\/5244\/revisions"}],"wp:featuredmedia":[{"embeddable":true,"href":"https:\/\/radioalma.eu\/bruselas\/wp-json\/wp\/v2\/media\/5246"}],"wp:attachment":[{"href":"https:\/\/radioalma.eu\/bruselas\/wp-json\/wp\/v2\/media?parent=5244"}],"wp:term":[{"taxonomy":"category","embeddable":true,"href":"https:\/\/radioalma.eu\/bruselas\/wp-json\/wp\/v2\/categories?post=5244"},{"taxonomy":"post_tag","embeddable":true,"href":"https:\/\/radioalma.eu\/bruselas\/wp-json\/wp\/v2\/tags?post=5244"}],"curies":[{"name":"wp","href":"https:\/\/api.w.org\/{rel}","templated":true}]}}