{"id":5267,"date":"2020-01-30T14:08:57","date_gmt":"2020-01-30T13:08:57","guid":{"rendered":"http:\/\/radioalma.eu\/bruselas\/?p=5267"},"modified":"2020-01-30T14:09:01","modified_gmt":"2020-01-30T13:09:01","slug":"24-de-enero-dia-internacional-de-la-educacion","status":"publish","type":"post","link":"https:\/\/radioalma.eu\/bruselas\/2020\/01\/30\/24-de-enero-dia-internacional-de-la-educacion\/","title":{"rendered":"24 de enero, D\u00eda Internacional de la Educaci\u00f3n"},"content":{"rendered":"\n<figure class=\"wp-block-image size-large\"><img fetchpriority=\"high\" decoding=\"async\" width=\"656\" height=\"370\" src=\"http:\/\/radioalma.eu\/bruselas\/files\/2020\/01\/ceapa.jpg\" alt=\"\" class=\"wp-image-5269\" srcset=\"https:\/\/radioalma.eu\/bruselas\/files\/2020\/01\/ceapa.jpg 656w, https:\/\/radioalma.eu\/bruselas\/files\/2020\/01\/ceapa-300x169.jpg 300w\" sizes=\"(max-width: 656px) 100vw, 656px\" \/><\/figure>\n\n\n\n<p>El 24 de enero se celebr\u00f3 el D\u00eda Internacional de la Educaci\u00f3n, una fecha proclamada por la ONU con el objetivo de concienciar a todo el planeta sobre la importancia de la educaci\u00f3n para conseguir los objetivos de Desarrollo Sostenible.&nbsp;<\/p>\n<p>Cuando parece pr\u00f3xima la aprobaci\u00f3n de la nueva ley de educaci\u00f3n en Espa\u00f1a, hemos contactado con la CEAPA, la confederaci\u00f3n espa\u00f1ola de asociaciones de padres y madres del alumnado.<\/p>\n<p>Leticia Cardenal, presidenta de Ceapa.&nbsp;<\/p>\n<audio class=\"wp-audio-shortcode\" id=\"audio-5267-1\" preload=\"none\" style=\"width: 100%;\" controls=\"controls\"><source type=\"audio\/mpeg\" src=\"http:\/\/radioalma.eu\/bruselas\/files\/2020\/01\/0125leticia.mp3?_=1\" \/><a href=\"http:\/\/radioalma.eu\/bruselas\/files\/2020\/01\/0125leticia.mp3\">http:\/\/radioalma.eu\/bruselas\/files\/2020\/01\/0125leticia.mp3<\/a><\/audio>\n","protected":false},"excerpt":{"rendered":"<div class=\"mh-excerpt\"><p>El 24 de enero se celebr\u00f3 el D\u00eda Internacional de la Educaci\u00f3n, una fecha proclamada por la ONU con el objetivo de concienciar a todo el planeta sobre la importancia de la educaci\u00f3n para conseguir <a class=\"mh-excerpt-more\" href=\"https:\/\/radioalma.eu\/bruselas\/2020\/01\/30\/24-de-enero-dia-internacional-de-la-educacion\/\" title=\"24 de enero, D\u00eda Internacional de la Educaci\u00f3n\">[&#8230;]<\/a><\/p>\n<\/div>","protected":false},"author":51,"featured_media":5269,"comment_status":"open","ping_status":"open","sticky":false,"template":"","format":"standard","meta":{"footnotes":""},"categories":[],"tags":[22],"class_list":{"0":"post-5267","1":"post","2":"type-post","3":"status-publish","4":"format-standard","5":"has-post-thumbnail","7":"tag-tertulia"},"_links":{"self":[{"href":"https:\/\/radioalma.eu\/bruselas\/wp-json\/wp\/v2\/posts\/5267","targetHints":{"allow":["GET"]}}],"collection":[{"href":"https:\/\/radioalma.eu\/bruselas\/wp-json\/wp\/v2\/posts"}],"about":[{"href":"https:\/\/radioalma.eu\/bruselas\/wp-json\/wp\/v2\/types\/post"}],"author":[{"embeddable":true,"href":"https:\/\/radioalma.eu\/bruselas\/wp-json\/wp\/v2\/users\/51"}],"replies":[{"embeddable":true,"href":"https:\/\/radioalma.eu\/bruselas\/wp-json\/wp\/v2\/comments?post=5267"}],"version-history":[{"count":0,"href":"https:\/\/radioalma.eu\/bruselas\/wp-json\/wp\/v2\/posts\/5267\/revisions"}],"wp:featuredmedia":[{"embeddable":true,"href":"https:\/\/radioalma.eu\/bruselas\/wp-json\/wp\/v2\/media\/5269"}],"wp:attachment":[{"href":"https:\/\/radioalma.eu\/bruselas\/wp-json\/wp\/v2\/media?parent=5267"}],"wp:term":[{"taxonomy":"category","embeddable":true,"href":"https:\/\/radioalma.eu\/bruselas\/wp-json\/wp\/v2\/categories?post=5267"},{"taxonomy":"post_tag","embeddable":true,"href":"https:\/\/radioalma.eu\/bruselas\/wp-json\/wp\/v2\/tags?post=5267"}],"curies":[{"name":"wp","href":"https:\/\/api.w.org\/{rel}","templated":true}]}}