{"id":5480,"date":"2020-04-21T16:10:13","date_gmt":"2020-04-21T15:10:13","guid":{"rendered":"http:\/\/radioalma.eu\/bruselas\/?p=5480"},"modified":"2020-04-21T16:59:08","modified_gmt":"2020-04-21T15:59:08","slug":"la-consejeria-de-cultura-celebra-semana-del-libro-online","status":"publish","type":"post","link":"https:\/\/radioalma.eu\/bruselas\/2020\/04\/21\/la-consejeria-de-cultura-celebra-semana-del-libro-online\/","title":{"rendered":"La Consejer\u00eda de Cultura celebra Semana del Libro online"},"content":{"rendered":"\n\n\n<figure class=\"wp-block-image size-large\"><img fetchpriority=\"high\" decoding=\"async\" width=\"341\" height=\"148\" src=\"http:\/\/radioalma.eu\/bruselas\/files\/2020\/04\/rosa.jpg\" alt=\"\" class=\"wp-image-5482\" srcset=\"https:\/\/radioalma.eu\/bruselas\/files\/2020\/04\/rosa.jpg 341w, https:\/\/radioalma.eu\/bruselas\/files\/2020\/04\/rosa-300x130.jpg 300w\" sizes=\"(max-width: 341px) 100vw, 341px\" \/><\/figure>\n\n\n\n<p style=\"background: white;margin: 0cm 0cm 7.5pt 0cm\"><span style=\"font-family: Georgia, serif;color: #000000\">Cada a\u00f1o, la Embajada de Espa\u00f1a ante el Reino de B\u00e9lgica celebra el D\u00eda Mundial del Libro y de los Derechos de Autor siguiendo la tradici\u00f3n catalana de Sant Jordi, obsequiando rosas por la compra de libros de autores espa\u00f1oles en cualquiera de los idiomas oficiales de Espa\u00f1a y B\u00e9lgica en lugares como el Instituto Cervantes de Bruselas o las librer\u00edas colaboradoras, como Filigranes, Librebook o Passa Porta. <\/span><\/p>\n<p style=\"background: white;margin: 0cm 0cm 7.5pt 0cm\"><span style=\"font-family: Georgia, serif;color: #000000\">Este a\u00f1o, la Consejer\u00eda Cultural y Cient\u00edfica de la Embajada, el Instituto Cervantes y la librer\u00eda Librebook de Bruselas lanzan la campa\u00f1a #StJordiShareBooks&amp;Roses, con la que animan a los amantes de la literatura y de las rosas a publicar en sus cuentas de Instagram y\/o Facebook un v\u00eddeo y\/o una foto original en los que aparezca al menos una rosa en cualquier formato y un fragmento o referencia a un libro que haya impactado su vida.<\/span><\/p>\n<p style=\"background: white;margin: 0cm 0cm 7.5pt 0cm\"><span style=\"font-family: Georgia, serif;color: #000000\">Sergi Farr\u00e9, consejero de cultura de la embajada de Espa\u00f1a en B\u00e9lgica. <\/span><\/p>\n<audio class=\"wp-audio-shortcode\" id=\"audio-5480-1\" preload=\"none\" style=\"width: 100%;\" controls=\"controls\"><source type=\"audio\/mpeg\" src=\"http:\/\/radioalma.eu\/bruselas\/files\/2020\/04\/06sergi.mp3?_=1\" \/><a href=\"http:\/\/radioalma.eu\/bruselas\/files\/2020\/04\/06sergi.mp3\">http:\/\/radioalma.eu\/bruselas\/files\/2020\/04\/06sergi.mp3<\/a><\/audio>\n","protected":false},"excerpt":{"rendered":"<div class=\"mh-excerpt\"><p>Cada a\u00f1o, la Embajada de Espa\u00f1a ante el Reino de B\u00e9lgica celebra el D\u00eda Mundial del Libro y de los Derechos de Autor siguiendo la tradici\u00f3n catalana de Sant Jordi, obsequiando rosas por la compra <a class=\"mh-excerpt-more\" href=\"https:\/\/radioalma.eu\/bruselas\/2020\/04\/21\/la-consejeria-de-cultura-celebra-semana-del-libro-online\/\" title=\"La Consejer\u00eda de Cultura celebra Semana del Libro online\">[&#8230;]<\/a><\/p>\n<\/div>","protected":false},"author":51,"featured_media":5482,"comment_status":"open","ping_status":"open","sticky":false,"template":"","format":"standard","meta":{"footnotes":""},"categories":[26,29],"tags":[2500,28,2496,478,1977,22],"class_list":{"0":"post-5480","1":"post","2":"type-post","3":"status-publish","4":"format-standard","5":"has-post-thumbnail","7":"category-agenda-cultural","8":"category-protagonista-de-la-semana","9":"tag-stjordisharebooksroses","10":"tag-belgica","11":"tag-covid-19","12":"tag-dia-del-libro","13":"tag-sergi-farre","14":"tag-tertulia"},"_links":{"self":[{"href":"https:\/\/radioalma.eu\/bruselas\/wp-json\/wp\/v2\/posts\/5480","targetHints":{"allow":["GET"]}}],"collection":[{"href":"https:\/\/radioalma.eu\/bruselas\/wp-json\/wp\/v2\/posts"}],"about":[{"href":"https:\/\/radioalma.eu\/bruselas\/wp-json\/wp\/v2\/types\/post"}],"author":[{"embeddable":true,"href":"https:\/\/radioalma.eu\/bruselas\/wp-json\/wp\/v2\/users\/51"}],"replies":[{"embeddable":true,"href":"https:\/\/radioalma.eu\/bruselas\/wp-json\/wp\/v2\/comments?post=5480"}],"version-history":[{"count":0,"href":"https:\/\/radioalma.eu\/bruselas\/wp-json\/wp\/v2\/posts\/5480\/revisions"}],"wp:featuredmedia":[{"embeddable":true,"href":"https:\/\/radioalma.eu\/bruselas\/wp-json\/wp\/v2\/media\/5482"}],"wp:attachment":[{"href":"https:\/\/radioalma.eu\/bruselas\/wp-json\/wp\/v2\/media?parent=5480"}],"wp:term":[{"taxonomy":"category","embeddable":true,"href":"https:\/\/radioalma.eu\/bruselas\/wp-json\/wp\/v2\/categories?post=5480"},{"taxonomy":"post_tag","embeddable":true,"href":"https:\/\/radioalma.eu\/bruselas\/wp-json\/wp\/v2\/tags?post=5480"}],"curies":[{"name":"wp","href":"https:\/\/api.w.org\/{rel}","templated":true}]}}