{"id":5634,"date":"2020-06-02T16:39:00","date_gmt":"2020-06-02T15:39:00","guid":{"rendered":"https:\/\/radioalma.eu\/bruselas\/?p=5634"},"modified":"2021-05-30T23:49:00","modified_gmt":"2021-05-30T22:49:00","slug":"en-espanol-las-palabras-tabu-estan-mas-aceptadas-socialmente","status":"publish","type":"post","link":"https:\/\/radioalma.eu\/bruselas\/2020\/06\/02\/en-espanol-las-palabras-tabu-estan-mas-aceptadas-socialmente\/","title":{"rendered":"\u00abEn espa\u00f1ol, las palabras tab\u00fa est\u00e1n m\u00e1s aceptadas socialmente\u00bb"},"content":{"rendered":"\n<figure id=\"attachment_5613\" aria-describedby=\"caption-attachment-5613\" style=\"width: 200px\" class=\"wp-caption alignleft\"><a href=\"https:\/\/radioalma.eu\/bruselas\/2020\/05\/26\/avantopy-software-para-el-analisis-de-textos\/andrea\/\" rel=\"attachment wp-att-5613\"><img decoding=\"async\" class=\"size-full wp-image-5613\" src=\"https:\/\/radioalma.eu\/bruselas\/files\/2020\/05\/andrea.jpg\" alt=\"\" width=\"200\" height=\"200\" srcset=\"https:\/\/radioalma.eu\/bruselas\/files\/2020\/05\/andrea.jpg 200w, https:\/\/radioalma.eu\/bruselas\/files\/2020\/05\/andrea-150x150.jpg 150w, https:\/\/radioalma.eu\/bruselas\/files\/2020\/05\/andrea-144x144.jpg 144w, https:\/\/radioalma.eu\/bruselas\/files\/2020\/05\/andrea-120x120.jpg 120w, https:\/\/radioalma.eu\/bruselas\/files\/2020\/05\/andrea-85x85.jpg 85w, https:\/\/radioalma.eu\/bruselas\/files\/2020\/05\/andrea-50x50.jpg 50w\" sizes=\"(max-width: 200px) 100vw, 200px\" \/><\/a><figcaption id=\"caption-attachment-5613\" class=\"wp-caption-text\">Andrea Pizarro, cofundadora de Avantopy y socioling\u00fcista<\/figcaption><\/figure>\n<p>\u00bfUtilizan ustedes en su d\u00eda a d\u00eda muchas palabras tab\u00fa? \u00bfSaben que son las palabras tab\u00fa y por cu\u00e1les suelen ser sustituidas seg\u00fan qu\u00e9 contextos? S\u00ed, supongo que est\u00e1n pensando en las palabrotas, en los insultos\u2026 todo eso son palabras tab\u00fa, y algunas lenguas las utilizan con mayor frecuencia que otras.<\/p>\n<p>La semana pasada conversamos en este programa con Andrea Pizarro, cofundadora de Avantopy, una empresa de creaci\u00f3n de software para el an\u00e1lisis de textos. Andrea es socioling\u00fcista e investigadora asociada en la UCLouvain. En 2013 defendi\u00f3 su tesis doctoral sobre las palabras tab\u00fa, y en concreto, el tab\u00fa sexual en Madrid.<\/p>\n<audio class=\"wp-audio-shortcode\" id=\"audio-5634-1\" preload=\"none\" style=\"width: 100%;\" controls=\"controls\"><source type=\"audio\/mpeg\" src=\"https:\/\/radioalma.eu\/bruselas\/files\/2020\/06\/04andrea.mp3?_=1\" \/><a href=\"https:\/\/radioalma.eu\/bruselas\/files\/2020\/06\/04andrea.mp3\">https:\/\/radioalma.eu\/bruselas\/files\/2020\/06\/04andrea.mp3<\/a><\/audio>\n","protected":false},"excerpt":{"rendered":"<div class=\"mh-excerpt\"><p>\u00bfUtilizan ustedes en su d\u00eda a d\u00eda muchas palabras tab\u00fa? \u00bfSaben que son las palabras tab\u00fa y por cu\u00e1les suelen ser sustituidas seg\u00fan qu\u00e9 contextos? S\u00ed, supongo que est\u00e1n pensando en las palabrotas, en los <a class=\"mh-excerpt-more\" href=\"https:\/\/radioalma.eu\/bruselas\/2020\/06\/02\/en-espanol-las-palabras-tabu-estan-mas-aceptadas-socialmente\/\" title=\"\u00abEn espa\u00f1ol, las palabras tab\u00fa est\u00e1n m\u00e1s aceptadas socialmente\u00bb\">[&#8230;]<\/a><\/p>\n<\/div>","protected":false},"author":51,"featured_media":5613,"comment_status":"open","ping_status":"open","sticky":false,"template":"","format":"standard","meta":{"footnotes":""},"categories":[2700,29],"tags":[2533,2540,22],"class_list":{"0":"post-5634","1":"post","2":"type-post","3":"status-publish","4":"format-standard","5":"has-post-thumbnail","7":"category-cultura","8":"category-protagonista-de-la-semana","9":"tag-andrea-pizarro","10":"tag-palabras-tabu","11":"tag-tertulia"},"_links":{"self":[{"href":"https:\/\/radioalma.eu\/bruselas\/wp-json\/wp\/v2\/posts\/5634","targetHints":{"allow":["GET"]}}],"collection":[{"href":"https:\/\/radioalma.eu\/bruselas\/wp-json\/wp\/v2\/posts"}],"about":[{"href":"https:\/\/radioalma.eu\/bruselas\/wp-json\/wp\/v2\/types\/post"}],"author":[{"embeddable":true,"href":"https:\/\/radioalma.eu\/bruselas\/wp-json\/wp\/v2\/users\/51"}],"replies":[{"embeddable":true,"href":"https:\/\/radioalma.eu\/bruselas\/wp-json\/wp\/v2\/comments?post=5634"}],"version-history":[{"count":0,"href":"https:\/\/radioalma.eu\/bruselas\/wp-json\/wp\/v2\/posts\/5634\/revisions"}],"wp:featuredmedia":[{"embeddable":true,"href":"https:\/\/radioalma.eu\/bruselas\/wp-json\/wp\/v2\/media\/5613"}],"wp:attachment":[{"href":"https:\/\/radioalma.eu\/bruselas\/wp-json\/wp\/v2\/media?parent=5634"}],"wp:term":[{"taxonomy":"category","embeddable":true,"href":"https:\/\/radioalma.eu\/bruselas\/wp-json\/wp\/v2\/categories?post=5634"},{"taxonomy":"post_tag","embeddable":true,"href":"https:\/\/radioalma.eu\/bruselas\/wp-json\/wp\/v2\/tags?post=5634"}],"curies":[{"name":"wp","href":"https:\/\/api.w.org\/{rel}","templated":true}]}}