{"id":6,"date":"2013-01-09T10:10:56","date_gmt":"2013-01-09T09:10:56","guid":{"rendered":"http:\/\/radioalma.eu\/bruselas\/?p=6"},"modified":"2013-03-22T01:04:50","modified_gmt":"2013-03-22T00:04:50","slug":"entrevista-a-carlos-bravo-sindicalista-en-belgica-1711","status":"publish","type":"post","link":"https:\/\/radioalma.eu\/bruselas\/2013\/01\/09\/entrevista-a-carlos-bravo-sindicalista-en-belgica-1711\/","title":{"rendered":"Entrevista a Carlos Bravo, sindicalista en B\u00e9lgica (17\/11)"},"content":{"rendered":"<p>En el primer programa de Bruselas con \u00d1, aprovechamos la actualidad de la reciente huelga del 14 de noviembre, convocada por la Confederaci\u00f3n Europea de Sindicatos y en la que participaron 23 pa\u00edses, para entrevistar a un espa\u00f1ol residente en B\u00e9lgica desde la infancia, miembro del PSOE y del sindicato socialista belga FGTB: Carlos Bravo.<\/p>\n<p>Con\u00a0\u00e9l hablamos sobre la solidaridad que est\u00e1 surgiendo entre los diferentes pueblos de Europa en la lucha contra esta crisis y contra las pol\u00edticas de los gobiernos, y sobre las alternativas que cabr\u00eda tomar.<\/p>\n","protected":false},"excerpt":{"rendered":"<div class=\"mh-excerpt\"><p>En el primer programa de Bruselas con \u00d1, aprovechamos la actualidad de la reciente huelga del 14 de noviembre, convocada por la Confederaci\u00f3n Europea de Sindicatos y en la que participaron 23 pa\u00edses, para entrevistar <a class=\"mh-excerpt-more\" href=\"https:\/\/radioalma.eu\/bruselas\/2013\/01\/09\/entrevista-a-carlos-bravo-sindicalista-en-belgica-1711\/\" title=\"Entrevista a Carlos Bravo, sindicalista en B\u00e9lgica (17\/11)\">[&#8230;]<\/a><\/p>\n<\/div>","protected":false},"author":51,"featured_media":0,"comment_status":"open","ping_status":"open","sticky":false,"template":"","format":"standard","meta":{"footnotes":""},"categories":[29],"tags":[83,84],"class_list":{"0":"post-6","1":"post","2":"type-post","3":"status-publish","4":"format-standard","6":"category-protagonista-de-la-semana","7":"tag-sindicalista","8":"tag-sindicato"},"_links":{"self":[{"href":"https:\/\/radioalma.eu\/bruselas\/wp-json\/wp\/v2\/posts\/6","targetHints":{"allow":["GET"]}}],"collection":[{"href":"https:\/\/radioalma.eu\/bruselas\/wp-json\/wp\/v2\/posts"}],"about":[{"href":"https:\/\/radioalma.eu\/bruselas\/wp-json\/wp\/v2\/types\/post"}],"author":[{"embeddable":true,"href":"https:\/\/radioalma.eu\/bruselas\/wp-json\/wp\/v2\/users\/51"}],"replies":[{"embeddable":true,"href":"https:\/\/radioalma.eu\/bruselas\/wp-json\/wp\/v2\/comments?post=6"}],"version-history":[{"count":0,"href":"https:\/\/radioalma.eu\/bruselas\/wp-json\/wp\/v2\/posts\/6\/revisions"}],"wp:attachment":[{"href":"https:\/\/radioalma.eu\/bruselas\/wp-json\/wp\/v2\/media?parent=6"}],"wp:term":[{"taxonomy":"category","embeddable":true,"href":"https:\/\/radioalma.eu\/bruselas\/wp-json\/wp\/v2\/categories?post=6"},{"taxonomy":"post_tag","embeddable":true,"href":"https:\/\/radioalma.eu\/bruselas\/wp-json\/wp\/v2\/tags?post=6"}],"curies":[{"name":"wp","href":"https:\/\/api.w.org\/{rel}","templated":true}]}}