{"id":623,"date":"2013-07-24T09:25:01","date_gmt":"2013-07-24T08:25:01","guid":{"rendered":"http:\/\/radioalma.eu\/bruselas\/?p=623"},"modified":"2013-07-24T09:25:01","modified_gmt":"2013-07-24T08:25:01","slug":"el-nacimiento-de-un-rey-20-de-julio","status":"publish","type":"post","link":"https:\/\/radioalma.eu\/bruselas\/2013\/07\/24\/el-nacimiento-de-un-rey-20-de-julio\/","title":{"rendered":"El nacimiento de un Rey. 20 de julio"},"content":{"rendered":"<p>El 21 de julio, d\u00eda de la Fiesta Nacional belga, Philippe I prest\u00f3 juramento como nuevo Rey de B\u00e9lgica.\u00a0Sucede a su padre, Alberto II, despu\u00e9s de que \u00e9ste abdicase el pasado 3 de julio,\u00a0dando lugar a un evento que culmin\u00f3 dos semanas repletas de actos y opiniones de todo tipo y color.\u00a0En Bruselas con \u00d1 hablamos para la ocasi\u00f3n cos dos expertos en monarqu\u00eda belga, Christiaan\u00a0Koninxk, flamenco y profesor de la VUB, y Francis Balace, val\u00f3n y\u00a0profesor em\u00e9rito de la Universit\u00e9 de Li\u00e8ge, que nos hablaron de la situaci\u00f3n que vive B\u00e9lgica\u00a0en tanto que Estado Federal teniendo por jefatura de Estado una monarqu\u00eda.<\/p>\n<p>Escuchar\u00a0<a href=\"http:\/\/radioalma.eu\/bruselas\/files\/2013\/07\/01An\u00e1lisis.mp3\">01An\u00e1lisis<\/a><\/p>\n<p>Escuchar\u00a0<a href=\"http:\/\/radioalma.eu\/bruselas\/files\/2013\/07\/02An\u00e1lisis.mp3\">02An\u00e1lisis<\/a><\/p>\n<figure id=\"attachment_626\" aria-describedby=\"caption-attachment-626\" style=\"width: 300px\" class=\"wp-caption alignleft\"><a href=\"http:\/\/radioalma.eu\/bruselas\/files\/2013\/07\/photoroi.jpg\"><img fetchpriority=\"high\" decoding=\"async\" class=\"size-medium wp-image-626\" alt=\"La familia real belga el pasado domingo. Geert Vanden\/Associated Press\" src=\"http:\/\/radioalma.eu\/bruselas\/files\/2013\/07\/photoroi-300x185.jpg\" width=\"300\" height=\"185\" \/><\/a><figcaption id=\"caption-attachment-626\" class=\"wp-caption-text\">La familia real belga el pasado domingo. Geert Vanden\/Associated Press<\/figcaption><\/figure>\n","protected":false},"excerpt":{"rendered":"<div class=\"mh-excerpt\"><p>El 21 de julio, d\u00eda de la Fiesta Nacional belga, Philippe I prest\u00f3 juramento como nuevo Rey de B\u00e9lgica.\u00a0Sucede a su padre, Alberto II, despu\u00e9s de que \u00e9ste abdicase el pasado 3 de julio,\u00a0dando lugar <a class=\"mh-excerpt-more\" href=\"https:\/\/radioalma.eu\/bruselas\/2013\/07\/24\/el-nacimiento-de-un-rey-20-de-julio\/\" title=\"El nacimiento de un Rey. 20 de julio\">[&#8230;]<\/a><\/p>\n<\/div>","protected":false},"author":51,"featured_media":0,"comment_status":"open","ping_status":"open","sticky":false,"template":"","format":"standard","meta":{"footnotes":""},"categories":[],"tags":[225,229,230,226,227,228,22],"class_list":{"0":"post-623","1":"post","2":"type-post","3":"status-publish","4":"format-standard","6":"tag-21-de-julio","7":"tag-abdicacion","8":"tag-alberto-ii","9":"tag-fiesta-nacional-belga","10":"tag-juramento","11":"tag-philippe-i","12":"tag-tertulia"},"_links":{"self":[{"href":"https:\/\/radioalma.eu\/bruselas\/wp-json\/wp\/v2\/posts\/623","targetHints":{"allow":["GET"]}}],"collection":[{"href":"https:\/\/radioalma.eu\/bruselas\/wp-json\/wp\/v2\/posts"}],"about":[{"href":"https:\/\/radioalma.eu\/bruselas\/wp-json\/wp\/v2\/types\/post"}],"author":[{"embeddable":true,"href":"https:\/\/radioalma.eu\/bruselas\/wp-json\/wp\/v2\/users\/51"}],"replies":[{"embeddable":true,"href":"https:\/\/radioalma.eu\/bruselas\/wp-json\/wp\/v2\/comments?post=623"}],"version-history":[{"count":0,"href":"https:\/\/radioalma.eu\/bruselas\/wp-json\/wp\/v2\/posts\/623\/revisions"}],"wp:attachment":[{"href":"https:\/\/radioalma.eu\/bruselas\/wp-json\/wp\/v2\/media?parent=623"}],"wp:term":[{"taxonomy":"category","embeddable":true,"href":"https:\/\/radioalma.eu\/bruselas\/wp-json\/wp\/v2\/categories?post=623"},{"taxonomy":"post_tag","embeddable":true,"href":"https:\/\/radioalma.eu\/bruselas\/wp-json\/wp\/v2\/tags?post=623"}],"curies":[{"name":"wp","href":"https:\/\/api.w.org\/{rel}","templated":true}]}}