{"id":6308,"date":"2021-10-04T13:59:47","date_gmt":"2021-10-04T12:59:47","guid":{"rendered":"https:\/\/radioalma.eu\/bruselas\/?p=6308"},"modified":"2021-10-05T07:57:02","modified_gmt":"2021-10-05T06:57:02","slug":"joan-marc-simon-hay-que-reducir-el-consumo-de-plastico-y-apostar-por-la-reutilizacion","status":"publish","type":"post","link":"https:\/\/radioalma.eu\/bruselas\/2021\/10\/04\/joan-marc-simon-hay-que-reducir-el-consumo-de-plastico-y-apostar-por-la-reutilizacion\/","title":{"rendered":"Joan Marc Sim\u00f3n: \u00abHay que reducir el consumo de pl\u00e1stico y apostar por la reutilizaci\u00f3n\u00bb"},"content":{"rendered":"\n<p>Presente en los objetos cotidianos, desde la ropa a los electrodom\u00e9sticos, el pl\u00e1stico es un material problem\u00e1tico que se debe convertir en un componente sostenible y circular, a trav\u00e9s de nuevos sistemas que no generen residuos, seg\u00fan afirma el director de Zero Waste Europe, Joan Marc Simon. Solo en 2019, la Uni\u00f3n Europea export\u00f3 m\u00e1s de 1,7 millones de toneladas de pl\u00e1stico a terceros pa\u00edses en forma de residuos, principalmente a Turqu\u00eda, Malasia y China. As\u00ed nos lo ha contado Sim\u00f3n en su visita a Radio Alma, donde nos ha explicado la iniciativa que han llevado a cabo para exigir la prohibici\u00f3n de la comercializaci\u00f3n de residuos generados dentro del territorio de la Uni\u00f3n Europea a terceros pa\u00edses.<\/p>\n\n\n\n<figure class=\"wp-block-audio\"><audio controls src=\"https:\/\/radioalma.eu\/bruselas\/files\/2021\/10\/JOAN-MARC-SIMON.mp3\"><\/audio><\/figure>\n","protected":false},"excerpt":{"rendered":"<div class=\"mh-excerpt\"><p>Presente en los objetos cotidianos, desde la ropa a los electrodom\u00e9sticos, el pl\u00e1stico es un material problem\u00e1tico que se debe convertir en un componente sostenible y circular, a trav\u00e9s de nuevos sistemas que no generen <a class=\"mh-excerpt-more\" href=\"https:\/\/radioalma.eu\/bruselas\/2021\/10\/04\/joan-marc-simon-hay-que-reducir-el-consumo-de-plastico-y-apostar-por-la-reutilizacion\/\" title=\"Joan Marc Sim\u00f3n: \u00abHay que reducir el consumo de pl\u00e1stico y apostar por la reutilizaci\u00f3n\u00bb\">[&#8230;]<\/a><\/p>\n<\/div>","protected":false},"author":51,"featured_media":6312,"comment_status":"open","ping_status":"open","sticky":false,"template":"","format":"standard","meta":{"footnotes":""},"categories":[2697],"tags":[],"class_list":{"0":"post-6308","1":"post","2":"type-post","3":"status-publish","4":"format-standard","5":"has-post-thumbnail","7":"category-europa"},"_links":{"self":[{"href":"https:\/\/radioalma.eu\/bruselas\/wp-json\/wp\/v2\/posts\/6308","targetHints":{"allow":["GET"]}}],"collection":[{"href":"https:\/\/radioalma.eu\/bruselas\/wp-json\/wp\/v2\/posts"}],"about":[{"href":"https:\/\/radioalma.eu\/bruselas\/wp-json\/wp\/v2\/types\/post"}],"author":[{"embeddable":true,"href":"https:\/\/radioalma.eu\/bruselas\/wp-json\/wp\/v2\/users\/51"}],"replies":[{"embeddable":true,"href":"https:\/\/radioalma.eu\/bruselas\/wp-json\/wp\/v2\/comments?post=6308"}],"version-history":[{"count":0,"href":"https:\/\/radioalma.eu\/bruselas\/wp-json\/wp\/v2\/posts\/6308\/revisions"}],"wp:featuredmedia":[{"embeddable":true,"href":"https:\/\/radioalma.eu\/bruselas\/wp-json\/wp\/v2\/media\/6312"}],"wp:attachment":[{"href":"https:\/\/radioalma.eu\/bruselas\/wp-json\/wp\/v2\/media?parent=6308"}],"wp:term":[{"taxonomy":"category","embeddable":true,"href":"https:\/\/radioalma.eu\/bruselas\/wp-json\/wp\/v2\/categories?post=6308"},{"taxonomy":"post_tag","embeddable":true,"href":"https:\/\/radioalma.eu\/bruselas\/wp-json\/wp\/v2\/tags?post=6308"}],"curies":[{"name":"wp","href":"https:\/\/api.w.org\/{rel}","templated":true}]}}