{"id":6347,"date":"2021-10-09T11:20:44","date_gmt":"2021-10-09T10:20:44","guid":{"rendered":"https:\/\/radioalma.eu\/bruselas\/?p=6347"},"modified":"2021-10-09T11:20:49","modified_gmt":"2021-10-09T10:20:49","slug":"el-dia-mundial-del-sinhogarismo-la-semana-europea-de-las-regiones-y-el-festival-alimenterre-en-el-proximo-programa","status":"publish","type":"post","link":"https:\/\/radioalma.eu\/bruselas\/2021\/10\/09\/el-dia-mundial-del-sinhogarismo-la-semana-europea-de-las-regiones-y-el-festival-alimenterre-en-el-proximo-programa\/","title":{"rendered":"El d\u00eda mundial del sinhogarismo, la Semana Europea de las Regiones y el festival Alimenterre en el pr\u00f3ximo programa"},"content":{"rendered":"\n<p>El s\u00e1bado nos espera un gran programa. Empezaremos con la actualidad de la semana para, posteriormente, centrarnos en lo referente al volc\u00e1n de la Palma. Tendremos una entrevista con la asociaci\u00f3n <a href=\"https:\/\/www.infirmiersderue.org\/fr\">Infermers de la Rue<\/a> y posteriormente con Sophie, trabajadora social en <a href=\"http:\/\/www.sosjeunes.be\/?lang=fr#&amp;panel1-4\">SOS Jeunes<\/a>, todo ello enmarcado en el dia mundial del sinhogarismo.<\/p>\n<p>En la segunda parte celebraremos la Semana Europea de las Regiones conversando con Claudia Pablos, trabajadora en la Oficina de representaci\u00f3n de Galicia ante la Uni\u00f3n Europea. Seguidamente, fijaremos nuestra vista en el estreno del festival <a href=\"https:\/\/festivalalimenterre.be\/\">Alimenterre<\/a>, para el que contamos con el testimonio de Mathilde They, encargada de proyectos del festival, y escucharemos un adelanto de la entrevista al director espa\u00f1ol Aleix Vilardeb\u00f3, quien presenta un cortometraje centrado en la figura de un chef muy particular<\/p>\n<p>Adem\u00e1s de todo ello, tambi\u00e9n escucharemos a las creadoras de la plataforma Ikal, Carla S\u00e1nchez y Marcela Vargas. Por \u00faltimo, c\u00f3mo no, el cine viene de la mano de nuestra colaboradora Ana Mart\u00ednez.<\/p>\n","protected":false},"excerpt":{"rendered":"<div class=\"mh-excerpt\"><p>El s\u00e1bado nos espera un gran programa. Empezaremos con la actualidad de la semana para, posteriormente, centrarnos en lo referente al volc\u00e1n de la Palma. Tendremos una entrevista con la asociaci\u00f3n Infermers de la Rue <a class=\"mh-excerpt-more\" href=\"https:\/\/radioalma.eu\/bruselas\/2021\/10\/09\/el-dia-mundial-del-sinhogarismo-la-semana-europea-de-las-regiones-y-el-festival-alimenterre-en-el-proximo-programa\/\" title=\"El d\u00eda mundial del sinhogarismo, la Semana Europea de las Regiones y el festival Alimenterre en el pr\u00f3ximo programa\">[&#8230;]<\/a><\/p>\n<\/div>","protected":false},"author":51,"featured_media":6348,"comment_status":"open","ping_status":"open","sticky":false,"template":"","format":"standard","meta":{"footnotes":""},"categories":[2704],"tags":[],"class_list":{"0":"post-6347","1":"post","2":"type-post","3":"status-publish","4":"format-standard","5":"has-post-thumbnail","7":"category-social"},"_links":{"self":[{"href":"https:\/\/radioalma.eu\/bruselas\/wp-json\/wp\/v2\/posts\/6347","targetHints":{"allow":["GET"]}}],"collection":[{"href":"https:\/\/radioalma.eu\/bruselas\/wp-json\/wp\/v2\/posts"}],"about":[{"href":"https:\/\/radioalma.eu\/bruselas\/wp-json\/wp\/v2\/types\/post"}],"author":[{"embeddable":true,"href":"https:\/\/radioalma.eu\/bruselas\/wp-json\/wp\/v2\/users\/51"}],"replies":[{"embeddable":true,"href":"https:\/\/radioalma.eu\/bruselas\/wp-json\/wp\/v2\/comments?post=6347"}],"version-history":[{"count":0,"href":"https:\/\/radioalma.eu\/bruselas\/wp-json\/wp\/v2\/posts\/6347\/revisions"}],"wp:featuredmedia":[{"embeddable":true,"href":"https:\/\/radioalma.eu\/bruselas\/wp-json\/wp\/v2\/media\/6348"}],"wp:attachment":[{"href":"https:\/\/radioalma.eu\/bruselas\/wp-json\/wp\/v2\/media?parent=6347"}],"wp:term":[{"taxonomy":"category","embeddable":true,"href":"https:\/\/radioalma.eu\/bruselas\/wp-json\/wp\/v2\/categories?post=6347"},{"taxonomy":"post_tag","embeddable":true,"href":"https:\/\/radioalma.eu\/bruselas\/wp-json\/wp\/v2\/tags?post=6347"}],"curies":[{"name":"wp","href":"https:\/\/api.w.org\/{rel}","templated":true}]}}