{"id":6352,"date":"2021-10-11T09:34:18","date_gmt":"2021-10-11T08:34:18","guid":{"rendered":"https:\/\/radioalma.eu\/bruselas\/?p=6352"},"modified":"2021-10-11T09:34:23","modified_gmt":"2021-10-11T08:34:23","slug":"joan-marti-sobre-el-volcan-de-la-palma-la-actividad-va-a-continuar-mas-de-lo-que-habiamos-pensado","status":"publish","type":"post","link":"https:\/\/radioalma.eu\/bruselas\/2021\/10\/11\/joan-marti-sobre-el-volcan-de-la-palma-la-actividad-va-a-continuar-mas-de-lo-que-habiamos-pensado\/","title":{"rendered":"Joan Mart\u00ed sobre el volc\u00e1n de La Palma: \u00abLa actividad va a continuar m\u00e1s de lo que hab\u00edamos pensado\u00bb"},"content":{"rendered":"\n<p>El volc\u00e1n de Cumbre Vieja en La Palma no cesa en su actividad tras tres semanas en erupci\u00f3n. La lava cubre ya una superficie de 525 hect\u00e1reas, ha afectado a 1.281 edificaciones y 132 hect\u00e1reas de cultivo y ha obligado a desalojar unas 6.000 personas. <\/p>\n<p>El director del grupo Geociencias Barcelona, del CSIC, el vulcan\u00f3logo Joan Mart\u00ed, nos ha explicado la situaci\u00f3n del volc\u00e1n y los posibles futuros que podr\u00edan darse. Se\u00f1ala que, por ahora, no hay se\u00f1ales de que la erupci\u00f3n vaya a concluir pronto y es imposible predecir cu\u00e1nto tiempo durar\u00e1. No obstante, Mart\u00ed indica que, a pesar de los da\u00f1os causados, los vecinos de La Palma pueden estar tranquilos en cuanto a la peligrosidad de la cat\u00e1strofe. <strong><br \/><\/strong><\/p>\n<p>Les dejamos la entrevista completa a continuaci\u00f3n.<\/p>\n\n\n\n<figure class=\"wp-block-audio\"><audio controls src=\"https:\/\/radioalma.eu\/02d86cd8-3a4e-0248-8e32-3d098edb139b\"><\/audio><\/figure>\n","protected":false},"excerpt":{"rendered":"<div class=\"mh-excerpt\"><p>El volc\u00e1n de Cumbre Vieja en La Palma no cesa en su actividad tras tres semanas en erupci\u00f3n. La lava cubre ya una superficie de 525 hect\u00e1reas, ha afectado a 1.281 edificaciones y 132 hect\u00e1reas <a class=\"mh-excerpt-more\" href=\"https:\/\/radioalma.eu\/bruselas\/2021\/10\/11\/joan-marti-sobre-el-volcan-de-la-palma-la-actividad-va-a-continuar-mas-de-lo-que-habiamos-pensado\/\" title=\"Joan Mart\u00ed sobre el volc\u00e1n de La Palma: \u00abLa actividad va a continuar m\u00e1s de lo que hab\u00edamos pensado\u00bb\">[&#8230;]<\/a><\/p>\n<\/div>","protected":false},"author":51,"featured_media":6355,"comment_status":"open","ping_status":"open","sticky":false,"template":"","format":"standard","meta":{"footnotes":""},"categories":[1],"tags":[],"class_list":{"0":"post-6352","1":"post","2":"type-post","3":"status-publish","4":"format-standard","5":"has-post-thumbnail","7":"category-non-classe"},"_links":{"self":[{"href":"https:\/\/radioalma.eu\/bruselas\/wp-json\/wp\/v2\/posts\/6352","targetHints":{"allow":["GET"]}}],"collection":[{"href":"https:\/\/radioalma.eu\/bruselas\/wp-json\/wp\/v2\/posts"}],"about":[{"href":"https:\/\/radioalma.eu\/bruselas\/wp-json\/wp\/v2\/types\/post"}],"author":[{"embeddable":true,"href":"https:\/\/radioalma.eu\/bruselas\/wp-json\/wp\/v2\/users\/51"}],"replies":[{"embeddable":true,"href":"https:\/\/radioalma.eu\/bruselas\/wp-json\/wp\/v2\/comments?post=6352"}],"version-history":[{"count":0,"href":"https:\/\/radioalma.eu\/bruselas\/wp-json\/wp\/v2\/posts\/6352\/revisions"}],"wp:featuredmedia":[{"embeddable":true,"href":"https:\/\/radioalma.eu\/bruselas\/wp-json\/wp\/v2\/media\/6355"}],"wp:attachment":[{"href":"https:\/\/radioalma.eu\/bruselas\/wp-json\/wp\/v2\/media?parent=6352"}],"wp:term":[{"taxonomy":"category","embeddable":true,"href":"https:\/\/radioalma.eu\/bruselas\/wp-json\/wp\/v2\/categories?post=6352"},{"taxonomy":"post_tag","embeddable":true,"href":"https:\/\/radioalma.eu\/bruselas\/wp-json\/wp\/v2\/tags?post=6352"}],"curies":[{"name":"wp","href":"https:\/\/api.w.org\/{rel}","templated":true}]}}