{"id":6356,"date":"2021-10-11T10:23:31","date_gmt":"2021-10-11T09:23:31","guid":{"rendered":"https:\/\/radioalma.eu\/bruselas\/?p=6356"},"modified":"2021-10-11T10:23:36","modified_gmt":"2021-10-11T09:23:36","slug":"podcast-dia-del-sinhogarismo-semana-europea-de-las-regiones-y-el-festival-alimenterre","status":"publish","type":"post","link":"https:\/\/radioalma.eu\/bruselas\/2021\/10\/11\/podcast-dia-del-sinhogarismo-semana-europea-de-las-regiones-y-el-festival-alimenterre\/","title":{"rendered":"Podcast: D\u00eda del sinhogarismo, semana Europea de las Regiones y el festival Alimenterre"},"content":{"rendered":"\n<p>En esta nueva edici\u00f3n de Bruselas con \u00d1 conmemoramos el <strong>d\u00eda mundial del sinhogarismo<\/strong>. Para ello entrevistamos a la asociaci\u00f3n <a href=\"https:\/\/www.infirmiersderue.org\/fr\">Infermers de la Rue<\/a> y tambi\u00e9n a Sophie, trabajadora social en \u00a0<a href=\"http:\/\/www.sosjeunes.be\/?lang=fr#&amp;panel1-4\">SOS Jeunes<\/a>. Adem\u00e1s, ponemos el foco en la <strong>actualidad del volc\u00e1n de la Palma<\/strong> y para ello contamos con el testimonio de Joan Mart\u00ed, vulcan\u00f3logo y director del grupo Geociencias Barcelona, del CSIC.\u00a0<\/p>\n<audio class=\"wp-audio-shortcode\" id=\"audio-6356-1\" preload=\"none\" style=\"width: 100%;\" controls=\"controls\"><source type=\"audio\/mpeg\" src=\"https:\/\/www.ivoox.com\/bruselas-n-09-10-2021-parte-i_md_76629694_wp_1.mp3?_=1\" \/><a href=\"https:\/\/www.ivoox.com\/bruselas-n-09-10-2021-parte-i_md_76629694_wp_1.mp3\">https:\/\/www.ivoox.com\/bruselas-n-09-10-2021-parte-i_md_76629694_wp_1.mp3<\/a><\/audio>\n<p>\u00a0<\/p>\n<p>En la segunda parte del programa\u00a0celebraremos la <strong>Semana Europea de las Regiones<\/strong> conversando con Claudia Pablos, trabajadora en la Oficina de representaci\u00f3n de Galicia ante la Uni\u00f3n Europea. Seguidamente, fijaremos nuestra vista en el estreno del festival\u00a0<a href=\"https:\/\/festivalalimenterre.be\/\">Alimenterre<\/a>, para el que contamos con el testimonio de Mathilde They, encargada de proyectos del festival. Adem\u00e1s de todo ello, tambi\u00e9n escucharemos a las creadoras de la plataforma de arte independiente<a href=\"_wp_link_placeholder\" data-wplink-edit=\"true\"> Ikal<\/a>, Carla S\u00e1nchez y Marcela Vargas. Y por \u00faltimo, c\u00f3mo no, el cine viene de la mano de nuestra colaboradora Ana Mart\u00ednez.<\/p>\n<audio class=\"wp-audio-shortcode\" id=\"audio-6356-2\" preload=\"none\" style=\"width: 100%;\" controls=\"controls\"><source type=\"audio\/mpeg\" src=\"https:\/\/www.ivoox.com\/bruselas-n-09-10-2021-parte-ii_md_76629707_wp_1.mp3?_=2\" \/><a href=\"https:\/\/www.ivoox.com\/bruselas-n-09-10-2021-parte-ii_md_76629707_wp_1.mp3\">https:\/\/www.ivoox.com\/bruselas-n-09-10-2021-parte-ii_md_76629707_wp_1.mp3<\/a><\/audio>\n<p>\u00a0<\/p>\n<p>\u00a0<\/p>\n","protected":false},"excerpt":{"rendered":"<div class=\"mh-excerpt\"><p>En esta nueva edici\u00f3n de Bruselas con \u00d1 conmemoramos el d\u00eda mundial del sinhogarismo. Para ello entrevistamos a la asociaci\u00f3n Infermers de la Rue y tambi\u00e9n a Sophie, trabajadora social en \u00a0SOS Jeunes. Adem\u00e1s, ponemos <a class=\"mh-excerpt-more\" href=\"https:\/\/radioalma.eu\/bruselas\/2021\/10\/11\/podcast-dia-del-sinhogarismo-semana-europea-de-las-regiones-y-el-festival-alimenterre\/\" title=\"Podcast: D\u00eda del sinhogarismo, semana Europea de las Regiones y el festival Alimenterre\">[&#8230;]<\/a><\/p>\n<\/div>","protected":false},"author":51,"featured_media":6362,"comment_status":"open","ping_status":"open","sticky":false,"template":"","format":"standard","meta":{"footnotes":""},"categories":[2704],"tags":[],"class_list":{"0":"post-6356","1":"post","2":"type-post","3":"status-publish","4":"format-standard","5":"has-post-thumbnail","7":"category-social"},"_links":{"self":[{"href":"https:\/\/radioalma.eu\/bruselas\/wp-json\/wp\/v2\/posts\/6356","targetHints":{"allow":["GET"]}}],"collection":[{"href":"https:\/\/radioalma.eu\/bruselas\/wp-json\/wp\/v2\/posts"}],"about":[{"href":"https:\/\/radioalma.eu\/bruselas\/wp-json\/wp\/v2\/types\/post"}],"author":[{"embeddable":true,"href":"https:\/\/radioalma.eu\/bruselas\/wp-json\/wp\/v2\/users\/51"}],"replies":[{"embeddable":true,"href":"https:\/\/radioalma.eu\/bruselas\/wp-json\/wp\/v2\/comments?post=6356"}],"version-history":[{"count":0,"href":"https:\/\/radioalma.eu\/bruselas\/wp-json\/wp\/v2\/posts\/6356\/revisions"}],"wp:featuredmedia":[{"embeddable":true,"href":"https:\/\/radioalma.eu\/bruselas\/wp-json\/wp\/v2\/media\/6362"}],"wp:attachment":[{"href":"https:\/\/radioalma.eu\/bruselas\/wp-json\/wp\/v2\/media?parent=6356"}],"wp:term":[{"taxonomy":"category","embeddable":true,"href":"https:\/\/radioalma.eu\/bruselas\/wp-json\/wp\/v2\/categories?post=6356"},{"taxonomy":"post_tag","embeddable":true,"href":"https:\/\/radioalma.eu\/bruselas\/wp-json\/wp\/v2\/tags?post=6356"}],"curies":[{"name":"wp","href":"https:\/\/api.w.org\/{rel}","templated":true}]}}