{"id":6378,"date":"2021-10-13T13:31:45","date_gmt":"2021-10-13T12:31:45","guid":{"rendered":"https:\/\/radioalma.eu\/bruselas\/?p=6378"},"modified":"2021-10-13T13:32:20","modified_gmt":"2021-10-13T12:32:20","slug":"hablamos-con-sophie-de-sos-jeunes-sobre-los-menores-extranjeros-no-acompanados","status":"publish","type":"post","link":"https:\/\/radioalma.eu\/bruselas\/2021\/10\/13\/hablamos-con-sophie-de-sos-jeunes-sobre-los-menores-extranjeros-no-acompanados\/","title":{"rendered":"Hablamos con Sophie de SOS Jeunes sobre los menores extranjeros no acompa\u00f1ados"},"content":{"rendered":"\n<p>En lo que llevamos de 2021 se ha multiplicado el n\u00famero de menores no acompa\u00f1ados que se desplazan. Aislados en la calle, estos ni\u00f1os y adolescentes se enfrentan a una precariedad extrema que a menudo les lleva a un consumo excesivo de alcohol o medicamentos. Sophie es una de las trabajadores sociales que integran<a href=\"http:\/\/www.sosjeunes.be\/spip.php?article45&amp;lang=fr\"> SOS Junes.<\/a> Con ella comentamos esta realidad desde la perspectiva de la asociaci\u00f3n, la cual tiene como uno de sus objetivos principales la ayuda a j\u00f3venes migrantes.<\/p>\n<p>\u00a0<\/p>\n\n\n\n<figure class=\"wp-block-audio\"><audio controls src=\"https:\/\/radioalma.eu\/bruselas\/files\/2021\/10\/sosjeunes-deff.mp3\"><\/audio><\/figure>\n","protected":false},"excerpt":{"rendered":"<div class=\"mh-excerpt\"><p>En lo que llevamos de 2021 se ha multiplicado el n\u00famero de menores no acompa\u00f1ados que se desplazan. Aislados en la calle, estos ni\u00f1os y adolescentes se enfrentan a una precariedad extrema que a menudo <a class=\"mh-excerpt-more\" href=\"https:\/\/radioalma.eu\/bruselas\/2021\/10\/13\/hablamos-con-sophie-de-sos-jeunes-sobre-los-menores-extranjeros-no-acompanados\/\" title=\"Hablamos con Sophie de SOS Jeunes sobre los menores extranjeros no acompa\u00f1ados\">[&#8230;]<\/a><\/p>\n<\/div>","protected":false},"author":51,"featured_media":6383,"comment_status":"open","ping_status":"open","sticky":false,"template":"","format":"standard","meta":{"footnotes":""},"categories":[2704],"tags":[],"class_list":{"0":"post-6378","1":"post","2":"type-post","3":"status-publish","4":"format-standard","5":"has-post-thumbnail","7":"category-social"},"_links":{"self":[{"href":"https:\/\/radioalma.eu\/bruselas\/wp-json\/wp\/v2\/posts\/6378","targetHints":{"allow":["GET"]}}],"collection":[{"href":"https:\/\/radioalma.eu\/bruselas\/wp-json\/wp\/v2\/posts"}],"about":[{"href":"https:\/\/radioalma.eu\/bruselas\/wp-json\/wp\/v2\/types\/post"}],"author":[{"embeddable":true,"href":"https:\/\/radioalma.eu\/bruselas\/wp-json\/wp\/v2\/users\/51"}],"replies":[{"embeddable":true,"href":"https:\/\/radioalma.eu\/bruselas\/wp-json\/wp\/v2\/comments?post=6378"}],"version-history":[{"count":0,"href":"https:\/\/radioalma.eu\/bruselas\/wp-json\/wp\/v2\/posts\/6378\/revisions"}],"wp:featuredmedia":[{"embeddable":true,"href":"https:\/\/radioalma.eu\/bruselas\/wp-json\/wp\/v2\/media\/6383"}],"wp:attachment":[{"href":"https:\/\/radioalma.eu\/bruselas\/wp-json\/wp\/v2\/media?parent=6378"}],"wp:term":[{"taxonomy":"category","embeddable":true,"href":"https:\/\/radioalma.eu\/bruselas\/wp-json\/wp\/v2\/categories?post=6378"},{"taxonomy":"post_tag","embeddable":true,"href":"https:\/\/radioalma.eu\/bruselas\/wp-json\/wp\/v2\/tags?post=6378"}],"curies":[{"name":"wp","href":"https:\/\/api.w.org\/{rel}","templated":true}]}}