{"id":6699,"date":"2021-11-16T10:23:43","date_gmt":"2021-11-16T09:23:43","guid":{"rendered":"https:\/\/radioalma.eu\/bruselas\/?p=6699"},"modified":"2021-11-16T10:56:36","modified_gmt":"2021-11-16T09:56:36","slug":"hablamos-con-rodrigo-narvaez-sobre-la-urgencia-climatica","status":"publish","type":"post","link":"https:\/\/radioalma.eu\/bruselas\/2021\/11\/16\/hablamos-con-rodrigo-narvaez-sobre-la-urgencia-climatica\/","title":{"rendered":"Hablamos con Rodrigo Narv\u00e1ez sobre la urgencia clim\u00e1tica"},"content":{"rendered":"\n<p>Analizamos la COP26 celebrada en Glasgow con Rodrigo Narv\u00e1ez, del <a href=\"https:\/\/climateanalytics.org\/\">thinktank Climate Analytics<\/a>. El invesitigador considera esencial reducir el uso del carb\u00f3n, comenzar a utilizar energ\u00edas 100% renovables para introducir los veh\u00edculos el\u00e9ctricos en los pa\u00edses desarrollados y, sobre todo, priorizar a las naciones m\u00e1s vulnerables.\u00a0<\/p>\n<p>\u00a0<\/p>\n<p>\u00a0<\/p>\n\n\n\n<figure class=\"wp-block-audio\"><audio controls src=\"https:\/\/radioalma.eu\/bruselas\/files\/2021\/11\/Rodrigo-Narvaez.mp3\"><\/audio><\/figure>\n\n\n","protected":false},"excerpt":{"rendered":"<div class=\"mh-excerpt\"><p>Analizamos la COP26 celebrada en Glasgow con Rodrigo Narv\u00e1ez, del thinktank Climate Analytics. El invesitigador considera esencial reducir el uso del carb\u00f3n, comenzar a utilizar energ\u00edas 100% renovables para introducir los veh\u00edculos el\u00e9ctricos en los <a class=\"mh-excerpt-more\" href=\"https:\/\/radioalma.eu\/bruselas\/2021\/11\/16\/hablamos-con-rodrigo-narvaez-sobre-la-urgencia-climatica\/\" title=\"Hablamos con Rodrigo Narv\u00e1ez sobre la urgencia clim\u00e1tica\">[&#8230;]<\/a><\/p>\n<\/div>","protected":false},"author":51,"featured_media":6724,"comment_status":"open","ping_status":"open","sticky":false,"template":"","format":"standard","meta":{"footnotes":""},"categories":[2699],"tags":[],"class_list":{"0":"post-6699","1":"post","2":"type-post","3":"status-publish","4":"format-standard","5":"has-post-thumbnail","7":"category-politica"},"_links":{"self":[{"href":"https:\/\/radioalma.eu\/bruselas\/wp-json\/wp\/v2\/posts\/6699","targetHints":{"allow":["GET"]}}],"collection":[{"href":"https:\/\/radioalma.eu\/bruselas\/wp-json\/wp\/v2\/posts"}],"about":[{"href":"https:\/\/radioalma.eu\/bruselas\/wp-json\/wp\/v2\/types\/post"}],"author":[{"embeddable":true,"href":"https:\/\/radioalma.eu\/bruselas\/wp-json\/wp\/v2\/users\/51"}],"replies":[{"embeddable":true,"href":"https:\/\/radioalma.eu\/bruselas\/wp-json\/wp\/v2\/comments?post=6699"}],"version-history":[{"count":0,"href":"https:\/\/radioalma.eu\/bruselas\/wp-json\/wp\/v2\/posts\/6699\/revisions"}],"wp:featuredmedia":[{"embeddable":true,"href":"https:\/\/radioalma.eu\/bruselas\/wp-json\/wp\/v2\/media\/6724"}],"wp:attachment":[{"href":"https:\/\/radioalma.eu\/bruselas\/wp-json\/wp\/v2\/media?parent=6699"}],"wp:term":[{"taxonomy":"category","embeddable":true,"href":"https:\/\/radioalma.eu\/bruselas\/wp-json\/wp\/v2\/categories?post=6699"},{"taxonomy":"post_tag","embeddable":true,"href":"https:\/\/radioalma.eu\/bruselas\/wp-json\/wp\/v2\/tags?post=6699"}],"curies":[{"name":"wp","href":"https:\/\/api.w.org\/{rel}","templated":true}]}}