{"id":6837,"date":"2021-11-24T12:45:40","date_gmt":"2021-11-24T11:45:40","guid":{"rendered":"https:\/\/radioalma.eu\/bruselas\/?p=6837"},"modified":"2021-11-24T12:53:30","modified_gmt":"2021-11-24T11:53:30","slug":"proximamente-el-festival-de-teatro-que-podran-disfrutar-hasta-el-proximo-domingo-en-bruselas","status":"publish","type":"post","link":"https:\/\/radioalma.eu\/bruselas\/2021\/11\/24\/proximamente-el-festival-de-teatro-que-podran-disfrutar-hasta-el-proximo-domingo-en-bruselas\/","title":{"rendered":"&#8216;Proximamente&#8217;, el festival de teatro que podr\u00e1n disfrutar hasta el pr\u00f3ximo domingo en Bruselas"},"content":{"rendered":"\n<p><i>Pr\u00f3ximamente<\/i> significa \u00abpronto\u00bb pero tambi\u00e9n se refiere a la idea de <strong>proximidad<\/strong>. Eso es exactamente lo que promete el festival, organizado en la KVS, en Bruselas. Durante cinco d\u00edas, el teatro flamenco recibir\u00e1 a artistas de <strong>Chile, Argentina, Brasil y Uruguay<\/strong> para abrir una ventana a <strong>Am\u00e9rica Latina<\/strong>. Cuatro obras completas que tratar\u00e1n de acercar culturas y plasmar la visi\u00f3n de los latinoamericanos sobre las artes esc\u00e9nicas a trav\u00e9s de diversos temas como el feminismo, la crisis sociales, el racismo o la precariedad de los artistas.<\/p>\n<p>El festival contar\u00e1 con un gran elenco de artistas formado por <strong>LasTesis, Carolina Bianchi o Jana\u00edna Leite, entre otras, y con la participaci\u00f3n de directores como<\/strong><strong> Luis Guenel o Manuela Infante. <br \/><\/strong><\/p>\n<p>Hemos hablado con <strong>Gerardo Salinas<\/strong>, dramaturgo y uno de los creadores del festival, que nos ha explicado con detalle el programa y los objetivos de las obras.<\/p>\n<p>\u00a0<\/p>\n\n\n\n<figure class=\"wp-block-audio\"><audio controls src=\"https:\/\/radioalma.eu\/bruselas\/files\/2021\/11\/ENTREVISTA-GERARDO-SALINAS-PR.mp3\"><\/audio><\/figure>\n","protected":false},"excerpt":{"rendered":"<div class=\"mh-excerpt\"><p>Pr\u00f3ximamente significa \u00abpronto\u00bb pero tambi\u00e9n se refiere a la idea de proximidad. Eso es exactamente lo que promete el festival, organizado en la KVS, en Bruselas. Durante cinco d\u00edas, el teatro flamenco recibir\u00e1 a artistas <a class=\"mh-excerpt-more\" href=\"https:\/\/radioalma.eu\/bruselas\/2021\/11\/24\/proximamente-el-festival-de-teatro-que-podran-disfrutar-hasta-el-proximo-domingo-en-bruselas\/\" title=\"&#8216;Proximamente&#8217;, el festival de teatro que podr\u00e1n disfrutar hasta el pr\u00f3ximo domingo en Bruselas\">[&#8230;]<\/a><\/p>\n<\/div>","protected":false},"author":51,"featured_media":6846,"comment_status":"open","ping_status":"open","sticky":false,"template":"","format":"standard","meta":{"footnotes":""},"categories":[26],"tags":[],"class_list":{"0":"post-6837","1":"post","2":"type-post","3":"status-publish","4":"format-standard","5":"has-post-thumbnail","7":"category-agenda-cultural"},"_links":{"self":[{"href":"https:\/\/radioalma.eu\/bruselas\/wp-json\/wp\/v2\/posts\/6837","targetHints":{"allow":["GET"]}}],"collection":[{"href":"https:\/\/radioalma.eu\/bruselas\/wp-json\/wp\/v2\/posts"}],"about":[{"href":"https:\/\/radioalma.eu\/bruselas\/wp-json\/wp\/v2\/types\/post"}],"author":[{"embeddable":true,"href":"https:\/\/radioalma.eu\/bruselas\/wp-json\/wp\/v2\/users\/51"}],"replies":[{"embeddable":true,"href":"https:\/\/radioalma.eu\/bruselas\/wp-json\/wp\/v2\/comments?post=6837"}],"version-history":[{"count":0,"href":"https:\/\/radioalma.eu\/bruselas\/wp-json\/wp\/v2\/posts\/6837\/revisions"}],"wp:featuredmedia":[{"embeddable":true,"href":"https:\/\/radioalma.eu\/bruselas\/wp-json\/wp\/v2\/media\/6846"}],"wp:attachment":[{"href":"https:\/\/radioalma.eu\/bruselas\/wp-json\/wp\/v2\/media?parent=6837"}],"wp:term":[{"taxonomy":"category","embeddable":true,"href":"https:\/\/radioalma.eu\/bruselas\/wp-json\/wp\/v2\/categories?post=6837"},{"taxonomy":"post_tag","embeddable":true,"href":"https:\/\/radioalma.eu\/bruselas\/wp-json\/wp\/v2\/tags?post=6837"}],"curies":[{"name":"wp","href":"https:\/\/api.w.org\/{rel}","templated":true}]}}