{"id":727,"date":"2013-09-16T08:55:16","date_gmt":"2013-09-16T07:55:16","guid":{"rendered":"http:\/\/radioalma.eu\/bruselas\/?p=727"},"modified":"2013-09-17T10:17:26","modified_gmt":"2013-09-17T09:17:26","slug":"entrevista-a-arno","status":"publish","type":"post","link":"https:\/\/radioalma.eu\/bruselas\/2013\/09\/16\/entrevista-a-arno\/","title":{"rendered":"Entrevista a Arno"},"content":{"rendered":"<p><a href=\"http:\/\/radioalma.eu\/bruselas\/files\/2013\/09\/arno2.jpg\"><img fetchpriority=\"high\" decoding=\"async\" class=\"size-medium wp-image-732 alignleft\" alt=\"arno2\" src=\"http:\/\/radioalma.eu\/bruselas\/files\/2013\/09\/arno2-300x224.jpg\" width=\"300\" height=\"224\" srcset=\"https:\/\/radioalma.eu\/bruselas\/files\/2013\/09\/arno2-300x224.jpg 300w, https:\/\/radioalma.eu\/bruselas\/files\/2013\/09\/arno2-678x509.jpg 678w, https:\/\/radioalma.eu\/bruselas\/files\/2013\/09\/arno2-326x245.jpg 326w, https:\/\/radioalma.eu\/bruselas\/files\/2013\/09\/arno2-80x60.jpg 80w, https:\/\/radioalma.eu\/bruselas\/files\/2013\/09\/arno2.jpg 723w\" sizes=\"(max-width: 300px) 100vw, 300px\" \/><\/a>Arno nos recibe en un bar del centro de Bruselas elegido por \u00e9l mismo. \u00a0Vestido de negro, con el pelo revuelto y aspecto descuidado, pero de traje y camisa y, sin corbata, por supuesto. A sus 64 a\u00f1os, el veterano y todav\u00eda muy popular artista se define como un viejo joven o un joven viejo -\u00ab<em>je suis un vieux jeun homme<\/em>\u00ab- Flamenco de origen, naci\u00f3 en Ostende en 1949. Se estren\u00f3 en el mundo de la m\u00fasica en 1970, con el grupo Tjens Couter, y seg\u00fan \u00e9l, con el objetivo de no trabajar. Se podr\u00eda decir que en esto ha fracasado porque, desde entonces, no para. Ha editado 13 \u00e1lbumes, ha participado en pel\u00edculas -en una de ellas, Koma, como protagonista- y enlaza conciertos en una gira permanente. Dos d\u00edas despu\u00e9s de concedernos esta entrevista, viajaba a Tokio para actuar ante sus fans japoneses, a los que admira por su cortes\u00eda reverencial.<\/p>\n<audio class=\"wp-audio-shortcode\" id=\"audio-727-1\" preload=\"none\" style=\"width: 100%;\" controls=\"controls\"><source type=\"audio\/mpeg\" src=\"http:\/\/radioalma.eu\/bruselas\/files\/2013\/09\/Arno3.mp3?_=1\" \/><a href=\"http:\/\/radioalma.eu\/bruselas\/files\/2013\/09\/Arno3.mp3\">http:\/\/radioalma.eu\/bruselas\/files\/2013\/09\/Arno3.mp3<\/a><\/audio>\n<p>Arno no puso reparos en hablarnos de pol\u00edtica, de la crisis y hasta de teolog\u00eda.<\/p>\n<audio class=\"wp-audio-shortcode\" id=\"audio-727-2\" preload=\"none\" style=\"width: 100%;\" controls=\"controls\"><source type=\"audio\/mpeg\" src=\"http:\/\/radioalma.eu\/bruselas\/files\/2013\/09\/Arno-locuras-4.mp3?_=2\" \/><a href=\"http:\/\/radioalma.eu\/bruselas\/files\/2013\/09\/Arno-locuras-4.mp3\">http:\/\/radioalma.eu\/bruselas\/files\/2013\/09\/Arno-locuras-4.mp3<\/a><\/audio>\n","protected":false},"excerpt":{"rendered":"<div class=\"mh-excerpt\"><p>Arno nos recibe en un bar del centro de Bruselas elegido por \u00e9l mismo. \u00a0Vestido de negro, con el pelo revuelto y aspecto descuidado, pero de traje y camisa y, sin corbata, por supuesto. A <a class=\"mh-excerpt-more\" href=\"https:\/\/radioalma.eu\/bruselas\/2013\/09\/16\/entrevista-a-arno\/\" title=\"Entrevista a Arno\">[&#8230;]<\/a><\/p>\n<\/div>","protected":false},"author":70,"featured_media":732,"comment_status":"open","ping_status":"open","sticky":false,"template":"","format":"standard","meta":{"footnotes":""},"categories":[26,29],"tags":[28,27,31],"class_list":{"0":"post-727","1":"post","2":"type-post","3":"status-publish","4":"format-standard","5":"has-post-thumbnail","7":"category-agenda-cultural","8":"category-protagonista-de-la-semana","9":"tag-belgica","10":"tag-bruselas-agenda-cultural","11":"tag-emision"},"_links":{"self":[{"href":"https:\/\/radioalma.eu\/bruselas\/wp-json\/wp\/v2\/posts\/727","targetHints":{"allow":["GET"]}}],"collection":[{"href":"https:\/\/radioalma.eu\/bruselas\/wp-json\/wp\/v2\/posts"}],"about":[{"href":"https:\/\/radioalma.eu\/bruselas\/wp-json\/wp\/v2\/types\/post"}],"author":[{"embeddable":true,"href":"https:\/\/radioalma.eu\/bruselas\/wp-json\/wp\/v2\/users\/70"}],"replies":[{"embeddable":true,"href":"https:\/\/radioalma.eu\/bruselas\/wp-json\/wp\/v2\/comments?post=727"}],"version-history":[{"count":0,"href":"https:\/\/radioalma.eu\/bruselas\/wp-json\/wp\/v2\/posts\/727\/revisions"}],"wp:featuredmedia":[{"embeddable":true,"href":"https:\/\/radioalma.eu\/bruselas\/wp-json\/wp\/v2\/media\/732"}],"wp:attachment":[{"href":"https:\/\/radioalma.eu\/bruselas\/wp-json\/wp\/v2\/media?parent=727"}],"wp:term":[{"taxonomy":"category","embeddable":true,"href":"https:\/\/radioalma.eu\/bruselas\/wp-json\/wp\/v2\/categories?post=727"},{"taxonomy":"post_tag","embeddable":true,"href":"https:\/\/radioalma.eu\/bruselas\/wp-json\/wp\/v2\/tags?post=727"}],"curies":[{"name":"wp","href":"https:\/\/api.w.org\/{rel}","templated":true}]}}