{"id":7362,"date":"2022-03-01T10:47:04","date_gmt":"2022-03-01T09:47:04","guid":{"rendered":"https:\/\/radioalma.eu\/bruselas\/?p=7362"},"modified":"2022-03-02T09:22:39","modified_gmt":"2022-03-02T08:22:39","slug":"abiertas-las-inscripciones-para-alce-hasta-el-14-de-marzo","status":"publish","type":"post","link":"https:\/\/radioalma.eu\/bruselas\/2022\/03\/01\/abiertas-las-inscripciones-para-alce-hasta-el-14-de-marzo\/","title":{"rendered":"Abiertas las inscripciones para ALCE hasta el 14 de marzo"},"content":{"rendered":"\n<p>La<b> Agrupaci\u00f3n de Lengua y Cultura Espa\u00f1ola en B\u00e9lgica y Luxemburgo (ALCE) <\/b>ha abierto sus inscripciones. ALCE es un programa del Ministerio de Educaci\u00f3n espa\u00f1ol, que forma parte de la misi\u00f3n diplom\u00e1tica de la <a href=\"http:\/\/www.exteriores.gob.es\/embajadas\/bruselas\/es\/Paginas\/inicio.aspx\">Embajada Espa\u00f1ola<\/a>. Adem\u00e1s de en B\u00e9lgica y Luxemburgo, existen ALCEs en Alemania, Australia, Austria, Francia, Canad\u00e1, Estados Unidos, Pa\u00edses Bajos, Reino Unido y Suiza.\u00a0<\/p>\n<p class=\"ta-justify\">El objetivo principal es el de favorecer los v\u00ednculos culturales y ling\u00fc\u00edsticos del alumnado de origen espa\u00f1ol, ciudadano o residente en B\u00e9lgica y Luxemburgo, con Espa\u00f1a. Para ello, proporcionan de forma voluntaria y gratuita, clases complementarias de lengua y cultura espa\u00f1olas a los hijos y a las hijas de espa\u00f1oles residentes en B\u00e9lgica y Luxemburgo.<\/p>\n<p>En nuestro \u00faltimo programa hablamos con la directora de ALCE Bruselas, Gloria Royo, que nos cont\u00f3 todos los requisitos para poder inscribirse y nos habl\u00f3 de la importancia del programa para reforzar el v\u00ednculo cultura del alumnado con Espa\u00f1a.<\/p>\n\n\n\n<figure class=\"wp-block-audio\"><audio controls src=\"https:\/\/radioalma.eu\/bruselas\/files\/2022\/03\/alce.mp3\"><\/audio><\/figure>\n\n\n\n<p>Las personas que deseen inscribirse pueden hacerlo en la p\u00e1gina de <a href=\"https:\/\/www.educacionyfp.gob.es\/belgica\/oficinasycentros\/agrupacion\/inscripcion-matricula.html\">B\u00e9lgica y Luxemburgo<\/a> o en la de <a href=\"https:\/\/www.educacionyfp.gob.es\/paisesbajos\/oficinasycentros\/centros-docentes\/web-alcepaisesbajos\/inscripcion-matricula.html\">Pa\u00edses Bajos<\/a>, dependiendo del lugar donde residan.<\/p>\n","protected":false},"excerpt":{"rendered":"<div class=\"mh-excerpt\"><p>La Agrupaci\u00f3n de Lengua y Cultura Espa\u00f1ola en B\u00e9lgica y Luxemburgo (ALCE) ha abierto sus inscripciones. ALCE es un programa del Ministerio de Educaci\u00f3n espa\u00f1ol, que forma parte de la misi\u00f3n diplom\u00e1tica de la Embajada <a class=\"mh-excerpt-more\" href=\"https:\/\/radioalma.eu\/bruselas\/2022\/03\/01\/abiertas-las-inscripciones-para-alce-hasta-el-14-de-marzo\/\" title=\"Abiertas las inscripciones para ALCE hasta el 14 de marzo\">[&#8230;]<\/a><\/p>\n<\/div>","protected":false},"author":51,"featured_media":7370,"comment_status":"open","ping_status":"open","sticky":false,"template":"","format":"standard","meta":{"footnotes":""},"categories":[2700],"tags":[],"class_list":{"0":"post-7362","1":"post","2":"type-post","3":"status-publish","4":"format-standard","5":"has-post-thumbnail","7":"category-cultura"},"_links":{"self":[{"href":"https:\/\/radioalma.eu\/bruselas\/wp-json\/wp\/v2\/posts\/7362","targetHints":{"allow":["GET"]}}],"collection":[{"href":"https:\/\/radioalma.eu\/bruselas\/wp-json\/wp\/v2\/posts"}],"about":[{"href":"https:\/\/radioalma.eu\/bruselas\/wp-json\/wp\/v2\/types\/post"}],"author":[{"embeddable":true,"href":"https:\/\/radioalma.eu\/bruselas\/wp-json\/wp\/v2\/users\/51"}],"replies":[{"embeddable":true,"href":"https:\/\/radioalma.eu\/bruselas\/wp-json\/wp\/v2\/comments?post=7362"}],"version-history":[{"count":0,"href":"https:\/\/radioalma.eu\/bruselas\/wp-json\/wp\/v2\/posts\/7362\/revisions"}],"wp:featuredmedia":[{"embeddable":true,"href":"https:\/\/radioalma.eu\/bruselas\/wp-json\/wp\/v2\/media\/7370"}],"wp:attachment":[{"href":"https:\/\/radioalma.eu\/bruselas\/wp-json\/wp\/v2\/media?parent=7362"}],"wp:term":[{"taxonomy":"category","embeddable":true,"href":"https:\/\/radioalma.eu\/bruselas\/wp-json\/wp\/v2\/categories?post=7362"},{"taxonomy":"post_tag","embeddable":true,"href":"https:\/\/radioalma.eu\/bruselas\/wp-json\/wp\/v2\/tags?post=7362"}],"curies":[{"name":"wp","href":"https:\/\/api.w.org\/{rel}","templated":true}]}}