{"id":7573,"date":"2022-03-24T11:46:25","date_gmt":"2022-03-24T10:46:25","guid":{"rendered":"https:\/\/radioalma.eu\/bruselas\/?p=7573"},"modified":"2022-03-24T11:48:17","modified_gmt":"2022-03-24T10:48:17","slug":"les-promenades-de-lb-visitamos-la-biblioteca-real-de-belgica","status":"publish","type":"post","link":"https:\/\/radioalma.eu\/bruselas\/2022\/03\/24\/les-promenades-de-lb-visitamos-la-biblioteca-real-de-belgica\/","title":{"rendered":"Les promenades de LB: Visitamos la Biblioteca Real de B\u00e9lgica"},"content":{"rendered":"\n<figure class=\"wp-block-audio\"><audio controls src=\"https:\/\/radioalma.eu\/bruselas\/files\/2022\/03\/Promenades.mp3\"><\/audio><\/figure>\n\n\n\n<p>La Biblioteca Real de B\u00e9lgica (KBR) est\u00e1 <strong>ubicada en el Mont des Arts<\/strong>, un complejo urbano y un sitio hist\u00f3rico en el centro de Bruselas. Originalmente, el lugar <strong>era el barrio jud\u00edo de la ciudad<\/strong> pero poco a poco se fueron diversificando sus habitantes hasta que en el siglo XIV se convirti\u00f3 en un barrio altamente poblado, el barrio de Saint-Roch.<\/p>\n<p>A finales del siglo XIX, el rey <strong>Leopoldo II tuvo la idea de convertir el lugar en un barrio art\u00edstico<\/strong> y lo compr\u00f3. Pero una vez <strong>demolidas todas las casas<\/strong> que lo formaban, no se encontr\u00f3 financiaci\u00f3n suficiente para llevar a cabo el proyecto y<strong> se convirti\u00f3 en un vac\u00edo urbano<\/strong>.\u00a0 Afortunadamente, se decidi\u00f3 incluir toda esta zona <strong>en el plan de desarrollo de la Estaci\u00f3n Central de Bruselas.<\/strong><\/p>\n<p>En el Mont des Arts se encuentra, entre muchos otros edificios, la <strong>Biblioteca Real de B\u00e9lgica (KBR)<\/strong>, cuyo <strong>origen se remonta a finales de la Edad Media<\/strong>, con la biblioteca personal de los Duques de Borgo\u00f1a. Actualmente, en la biblioteca se gestionan y <strong>conservan m\u00e1s de 8 millones de documentos<\/strong>, de entre los que destacan sus m\u00e1s de 300.000 impresiones antiguas e incunables.<\/p>\n<p>Los m\u00e1s preciados de entre estos libros, est\u00e1n expuestos en la <strong>Capilla de Nassau<\/strong>, una peque\u00f1a joya en g\u00f3tico brabantino constru\u00edda en el siglo XV. La capilla se ha visto <strong>rodeada de toda clase de infortunios<\/strong> (incendios, demoliciones&#8230;) pero, contra todo pron\u00f3stico y por suerte, ha conseguido llegar hasta nuestros d\u00edas.<\/p>\n<p>Tanto la capilla como el museo completo (d\u00f3nde se explica la historia de los primeros libros y su contexto hist\u00f3rico, de una forma amena e interactiva) <strong>pueden visitarse de martes a domingo de 10:00 a 17:00. <\/strong>Adem\u00e1s, hasta el 8 de mayo se puede visitar tambi\u00e9n la <strong>exposici\u00f3n tem\u00e1tica \u00abWitches avant la lettre\u00bb,<\/strong> para romper con todos los clich\u00e9s relacionados con las brujas medievales y el papel de la mujer en la Edad Media.<\/p>\n<p>\u00a1No os perd\u00e1is el incunable de <strong>\u00abLa ciudad de las damas\u00bb, de Christine de Pizan<\/strong>, la que es considerada la primera escritora de la historia!<\/p>\n","protected":false},"excerpt":{"rendered":"<div class=\"mh-excerpt\"><p>La Biblioteca Real de B\u00e9lgica (KBR) est\u00e1 ubicada en el Mont des Arts, un complejo urbano y un sitio hist\u00f3rico en el centro de Bruselas. Originalmente, el lugar era el barrio jud\u00edo de la ciudad <a class=\"mh-excerpt-more\" href=\"https:\/\/radioalma.eu\/bruselas\/2022\/03\/24\/les-promenades-de-lb-visitamos-la-biblioteca-real-de-belgica\/\" title=\"Les promenades de LB: Visitamos la Biblioteca Real de B\u00e9lgica\">[&#8230;]<\/a><\/p>\n<\/div>","protected":false},"author":109,"featured_media":7577,"comment_status":"open","ping_status":"open","sticky":false,"template":"","format":"standard","meta":{"footnotes":""},"categories":[2700],"tags":[],"class_list":{"0":"post-7573","1":"post","2":"type-post","3":"status-publish","4":"format-standard","5":"has-post-thumbnail","7":"category-cultura"},"_links":{"self":[{"href":"https:\/\/radioalma.eu\/bruselas\/wp-json\/wp\/v2\/posts\/7573","targetHints":{"allow":["GET"]}}],"collection":[{"href":"https:\/\/radioalma.eu\/bruselas\/wp-json\/wp\/v2\/posts"}],"about":[{"href":"https:\/\/radioalma.eu\/bruselas\/wp-json\/wp\/v2\/types\/post"}],"author":[{"embeddable":true,"href":"https:\/\/radioalma.eu\/bruselas\/wp-json\/wp\/v2\/users\/109"}],"replies":[{"embeddable":true,"href":"https:\/\/radioalma.eu\/bruselas\/wp-json\/wp\/v2\/comments?post=7573"}],"version-history":[{"count":0,"href":"https:\/\/radioalma.eu\/bruselas\/wp-json\/wp\/v2\/posts\/7573\/revisions"}],"wp:featuredmedia":[{"embeddable":true,"href":"https:\/\/radioalma.eu\/bruselas\/wp-json\/wp\/v2\/media\/7577"}],"wp:attachment":[{"href":"https:\/\/radioalma.eu\/bruselas\/wp-json\/wp\/v2\/media?parent=7573"}],"wp:term":[{"taxonomy":"category","embeddable":true,"href":"https:\/\/radioalma.eu\/bruselas\/wp-json\/wp\/v2\/categories?post=7573"},{"taxonomy":"post_tag","embeddable":true,"href":"https:\/\/radioalma.eu\/bruselas\/wp-json\/wp\/v2\/tags?post=7573"}],"curies":[{"name":"wp","href":"https:\/\/api.w.org\/{rel}","templated":true}]}}