{"id":7675,"date":"2022-04-05T12:23:25","date_gmt":"2022-04-05T11:23:25","guid":{"rendered":"https:\/\/radioalma.eu\/bruselas\/?p=7675"},"modified":"2022-04-06T14:29:57","modified_gmt":"2022-04-06T13:29:57","slug":"la-pesadilla-de-las-personas-trans-que-intentan-escapar-de-ucrania","status":"publish","type":"post","link":"https:\/\/radioalma.eu\/bruselas\/2022\/04\/05\/la-pesadilla-de-las-personas-trans-que-intentan-escapar-de-ucrania\/","title":{"rendered":"La pesadilla de las personas trans que intentan escapar de Ucrania"},"content":{"rendered":"\n<p><strong>Miles de mujeres trans se encuentran atrapadas en Ucrania <\/strong>en estos momentos, sin poder salir del pa\u00eds, porque su <strong>identidad de g\u00e9nero no coincide con el sexo recogido en el pasaporte<\/strong>. A esto hay que a\u00f1adir que la situaci\u00f3n del colectivo no era muy favorable ni en Ucrania ni en Rusia. En el pa\u00eds ucraniano, los activistas LGTBI han avanzado en los \u00faltimos a\u00f1os en materia de derechos, sin embargo, todav\u00eda existen muchas <strong>barreras para las personas trans<\/strong>. Entre otras cosas, siguen necesitando un <strong>examen psiqui\u00e1trico<\/strong> ambulatorio para hacer el <strong>cambio de g\u00e9nero<\/strong>, lo que dificulta bastante el cambio en el documento de identidad y, por tanto, provoca que haya muchas mujeres trans con indicadores masculinos en sus papeles.<\/p>\n<p>Seg\u00fan algunas estimaciones de organizaciones ucranianas, muchas de ellas intentaron cruzar la frontera desde el comienzo de la guerra, pero las autoridades rechazaron alrededor del 90%. Adem\u00e1s, el tema del g\u00e9nero, y la homosexualidad en particular, sigue siendo un <strong>tab\u00fa<\/strong> para muchos en Ucrania. Los <strong>derechos de las personas homosexuales<\/strong> no est\u00e1n protegidos por ninguna ley ni existe una gran sensibilidad social sobre el tema, al igual que en los pa\u00edses fronterizos como<strong> Polonia o Hungr\u00eda<\/strong>.\u00a0<\/p>\n<p>Mientras, desde varias asociaciones se est\u00e1n movilizando para reivindicar los derechos de las personas trans afectadas por el conflicto. En <strong>B\u00e9lgica<\/strong>, el colectivo <strong>Les Bastards<\/strong> organiz\u00f3 hace unas semanas un evento para recaudar fondos que se destinar\u00e1n a tender una mano a estas personas. All\u00ed pudimos hablar con<strong> Isuf Covaci<\/strong>, que nos relat\u00f3 la dura situaci\u00f3n que est\u00e1n viviendo.<\/p>\n\n\n\n<figure class=\"wp-block-audio\"><audio controls src=\"https:\/\/radioalma.eu\/bruselas\/files\/2022\/04\/TRANS.mp3\"><\/audio><\/figure>\n","protected":false},"excerpt":{"rendered":"<div class=\"mh-excerpt\"><p>Miles de mujeres trans se encuentran atrapadas en Ucrania en estos momentos, sin poder salir del pa\u00eds, porque su identidad de g\u00e9nero no coincide con el sexo recogido en el pasaporte. A esto hay que <a class=\"mh-excerpt-more\" href=\"https:\/\/radioalma.eu\/bruselas\/2022\/04\/05\/la-pesadilla-de-las-personas-trans-que-intentan-escapar-de-ucrania\/\" title=\"La pesadilla de las personas trans que intentan escapar de Ucrania\">[&#8230;]<\/a><\/p>\n<\/div>","protected":false},"author":51,"featured_media":7677,"comment_status":"open","ping_status":"open","sticky":false,"template":"","format":"standard","meta":{"footnotes":""},"categories":[2697,29,2704],"tags":[],"class_list":{"0":"post-7675","1":"post","2":"type-post","3":"status-publish","4":"format-standard","5":"has-post-thumbnail","7":"category-europa","8":"category-protagonista-de-la-semana","9":"category-social"},"_links":{"self":[{"href":"https:\/\/radioalma.eu\/bruselas\/wp-json\/wp\/v2\/posts\/7675","targetHints":{"allow":["GET"]}}],"collection":[{"href":"https:\/\/radioalma.eu\/bruselas\/wp-json\/wp\/v2\/posts"}],"about":[{"href":"https:\/\/radioalma.eu\/bruselas\/wp-json\/wp\/v2\/types\/post"}],"author":[{"embeddable":true,"href":"https:\/\/radioalma.eu\/bruselas\/wp-json\/wp\/v2\/users\/51"}],"replies":[{"embeddable":true,"href":"https:\/\/radioalma.eu\/bruselas\/wp-json\/wp\/v2\/comments?post=7675"}],"version-history":[{"count":0,"href":"https:\/\/radioalma.eu\/bruselas\/wp-json\/wp\/v2\/posts\/7675\/revisions"}],"wp:featuredmedia":[{"embeddable":true,"href":"https:\/\/radioalma.eu\/bruselas\/wp-json\/wp\/v2\/media\/7677"}],"wp:attachment":[{"href":"https:\/\/radioalma.eu\/bruselas\/wp-json\/wp\/v2\/media?parent=7675"}],"wp:term":[{"taxonomy":"category","embeddable":true,"href":"https:\/\/radioalma.eu\/bruselas\/wp-json\/wp\/v2\/categories?post=7675"},{"taxonomy":"post_tag","embeddable":true,"href":"https:\/\/radioalma.eu\/bruselas\/wp-json\/wp\/v2\/tags?post=7675"}],"curies":[{"name":"wp","href":"https:\/\/api.w.org\/{rel}","templated":true}]}}