{"id":7764,"date":"2022-04-26T09:54:02","date_gmt":"2022-04-26T08:54:02","guid":{"rendered":"https:\/\/radioalma.eu\/bruselas\/?p=7764"},"modified":"2022-04-26T14:16:50","modified_gmt":"2022-04-26T13:16:50","slug":"como-la-literatura-puede-cambiarte-la-vida-hablamos-con-la-escritora-itxaso-muro","status":"publish","type":"post","link":"https:\/\/radioalma.eu\/bruselas\/2022\/04\/26\/como-la-literatura-puede-cambiarte-la-vida-hablamos-con-la-escritora-itxaso-muro\/","title":{"rendered":"C\u00f3mo la literatura puede cambiarte la vida: hablamos con la escritora Itxaso Muro"},"content":{"rendered":"\n<div class=\"\" data-block=\"true\" data-editor=\"cepug\" data-offset-key=\"caqq4-0-0\">\n<div class=\"_1mf _1mj\" data-offset-key=\"caqq4-0-0\"><span data-offset-key=\"caqq4-0-0\">Itxaso<\/span><span data-offset-key=\"caqq4-1-0\"> Muro dej\u00f3 el Pa\u00eds Vasco hace ya muchos a\u00f1os para mudarse y comenzar una nueva vida en Bruselas. Es psic\u00f3loga de profesi\u00f3n, pero hace un a\u00f1o se lanz\u00f3 a escribir su primera novela El agua te lo dir\u00e1, una obra que present\u00f3 en Radio Alam hace unos meses y que est\u00e1 llena de gui\u00f1os a Euskadi y B\u00e9lgica, en la que Ekaitz, el protagonista, nos lleva por una recorrido lleno de misterio. <\/span><\/div>\n<\/div>\n<div class=\"\" data-block=\"true\" data-editor=\"cepug\" data-offset-key=\"8k6q6-0-0\">\n<div class=\"_1mf _1mj\" data-offset-key=\"8k6q6-0-0\"><span data-offset-key=\"8k6q6-0-0\">\u00a0<\/span><\/div>\n<\/div>\n<div class=\"\" data-block=\"true\" data-editor=\"cepug\" data-offset-key=\"dbliv-0-0\">\n<div class=\"_1mf _1mj\" data-offset-key=\"dbliv-0-0\"><span data-offset-key=\"dbliv-0-0\">Itxaso ha encontrado en la escritura su espacio \u00edntimo en el que crear y dejar volar su imaginaci\u00f3n. Una costumbre que no quiere perder y espera poder trasmitir a sus hijos. Por este motivo, considera que el D\u00eda del Libro es un buen momento para celebrar y fomentar la lectura y centre los m\u00e1s peque\u00f1os. <\/span><\/div>\n<\/div>\n<div class=\"\" data-block=\"true\" data-editor=\"cepug\" data-offset-key=\"a1ldg-0-0\">\u00a0<\/div>\n\n\n\n<figure class=\"wp-block-audio\"><audio controls src=\"https:\/\/radioalma.eu\/bruselas\/files\/2022\/04\/itxaso-muro-.mp3\"><\/audio><\/figure>\n","protected":false},"excerpt":{"rendered":"<div class=\"mh-excerpt\"><p>Itxaso Muro dej\u00f3 el Pa\u00eds Vasco hace ya muchos a\u00f1os para mudarse y comenzar una nueva vida en Bruselas. Es psic\u00f3loga de profesi\u00f3n, pero hace un a\u00f1o se lanz\u00f3 a escribir su primera novela El <a class=\"mh-excerpt-more\" href=\"https:\/\/radioalma.eu\/bruselas\/2022\/04\/26\/como-la-literatura-puede-cambiarte-la-vida-hablamos-con-la-escritora-itxaso-muro\/\" title=\"C\u00f3mo la literatura puede cambiarte la vida: hablamos con la escritora Itxaso Muro\">[&#8230;]<\/a><\/p>\n<\/div>","protected":false},"author":51,"featured_media":7768,"comment_status":"open","ping_status":"open","sticky":false,"template":"","format":"standard","meta":{"footnotes":""},"categories":[2700,29],"tags":[],"class_list":{"0":"post-7764","1":"post","2":"type-post","3":"status-publish","4":"format-standard","5":"has-post-thumbnail","7":"category-cultura","8":"category-protagonista-de-la-semana"},"_links":{"self":[{"href":"https:\/\/radioalma.eu\/bruselas\/wp-json\/wp\/v2\/posts\/7764","targetHints":{"allow":["GET"]}}],"collection":[{"href":"https:\/\/radioalma.eu\/bruselas\/wp-json\/wp\/v2\/posts"}],"about":[{"href":"https:\/\/radioalma.eu\/bruselas\/wp-json\/wp\/v2\/types\/post"}],"author":[{"embeddable":true,"href":"https:\/\/radioalma.eu\/bruselas\/wp-json\/wp\/v2\/users\/51"}],"replies":[{"embeddable":true,"href":"https:\/\/radioalma.eu\/bruselas\/wp-json\/wp\/v2\/comments?post=7764"}],"version-history":[{"count":0,"href":"https:\/\/radioalma.eu\/bruselas\/wp-json\/wp\/v2\/posts\/7764\/revisions"}],"wp:featuredmedia":[{"embeddable":true,"href":"https:\/\/radioalma.eu\/bruselas\/wp-json\/wp\/v2\/media\/7768"}],"wp:attachment":[{"href":"https:\/\/radioalma.eu\/bruselas\/wp-json\/wp\/v2\/media?parent=7764"}],"wp:term":[{"taxonomy":"category","embeddable":true,"href":"https:\/\/radioalma.eu\/bruselas\/wp-json\/wp\/v2\/categories?post=7764"},{"taxonomy":"post_tag","embeddable":true,"href":"https:\/\/radioalma.eu\/bruselas\/wp-json\/wp\/v2\/tags?post=7764"}],"curies":[{"name":"wp","href":"https:\/\/api.w.org\/{rel}","templated":true}]}}