{"id":7913,"date":"2022-05-16T13:55:31","date_gmt":"2022-05-16T12:55:31","guid":{"rendered":"https:\/\/radioalma.eu\/bruselas\/?p=7913"},"modified":"2022-05-17T11:37:38","modified_gmt":"2022-05-17T10:37:38","slug":"lassenne-vocal-un-lugar-de-encuentro-multicultural-para-los-amantes-de-la-musica","status":"publish","type":"post","link":"https:\/\/radioalma.eu\/bruselas\/2022\/05\/16\/lassenne-vocal-un-lugar-de-encuentro-multicultural-para-los-amantes-de-la-musica\/","title":{"rendered":"Lassenne Vocal, un lugar de encuentro multicultural para los amantes de la m\u00fasica"},"content":{"rendered":"\n<p>La coral internacional <strong>Lassenne Vocal<\/strong> actuar\u00e1 el pr\u00f3ximo <strong>s\u00e1bado d\u00eda 21<\/strong> de mayo en la <strong>Iglesia Sainte-Alice de Schaerbee<\/strong><strong>k.<\/strong> Las voces de sus componentes se unir\u00e1n en un concierto muy especial que contar\u00e1 con <strong>letras en euskera fruto de una colaboraci\u00f3n con la Bruselako Euskal Etxea.<\/strong><\/p>\n<p>En nuestro \u00faltimo programa recibimos a <strong>Rafa N\u00fa\u00f1ez<\/strong>, violinista de profesi\u00f3n y miembro de la coral. En una animada charla nos cont\u00f3 todos los detalles del evento, la historia de una coral formada por voces que van y vienen y los pr\u00f3ximos proyectos que tienen por delante.<\/p>\n\n\n\n<figure class=\"wp-block-audio\"><audio controls src=\"https:\/\/radioalma.eu\/bruselas\/files\/2022\/05\/Lassenne.mp3\"><\/audio><\/figure>\n","protected":false},"excerpt":{"rendered":"<div class=\"mh-excerpt\"><p>La coral internacional Lassenne Vocal actuar\u00e1 el pr\u00f3ximo s\u00e1bado d\u00eda 21 de mayo en la Iglesia Sainte-Alice de Schaerbeek. Las voces de sus componentes se unir\u00e1n en un concierto muy especial que contar\u00e1 con letras <a class=\"mh-excerpt-more\" href=\"https:\/\/radioalma.eu\/bruselas\/2022\/05\/16\/lassenne-vocal-un-lugar-de-encuentro-multicultural-para-los-amantes-de-la-musica\/\" title=\"Lassenne Vocal, un lugar de encuentro multicultural para los amantes de la m\u00fasica\">[&#8230;]<\/a><\/p>\n<\/div>","protected":false},"author":109,"featured_media":7916,"comment_status":"open","ping_status":"open","sticky":false,"template":"","format":"standard","meta":{"footnotes":""},"categories":[2700,29],"tags":[],"class_list":{"0":"post-7913","1":"post","2":"type-post","3":"status-publish","4":"format-standard","5":"has-post-thumbnail","7":"category-cultura","8":"category-protagonista-de-la-semana"},"_links":{"self":[{"href":"https:\/\/radioalma.eu\/bruselas\/wp-json\/wp\/v2\/posts\/7913","targetHints":{"allow":["GET"]}}],"collection":[{"href":"https:\/\/radioalma.eu\/bruselas\/wp-json\/wp\/v2\/posts"}],"about":[{"href":"https:\/\/radioalma.eu\/bruselas\/wp-json\/wp\/v2\/types\/post"}],"author":[{"embeddable":true,"href":"https:\/\/radioalma.eu\/bruselas\/wp-json\/wp\/v2\/users\/109"}],"replies":[{"embeddable":true,"href":"https:\/\/radioalma.eu\/bruselas\/wp-json\/wp\/v2\/comments?post=7913"}],"version-history":[{"count":0,"href":"https:\/\/radioalma.eu\/bruselas\/wp-json\/wp\/v2\/posts\/7913\/revisions"}],"wp:featuredmedia":[{"embeddable":true,"href":"https:\/\/radioalma.eu\/bruselas\/wp-json\/wp\/v2\/media\/7916"}],"wp:attachment":[{"href":"https:\/\/radioalma.eu\/bruselas\/wp-json\/wp\/v2\/media?parent=7913"}],"wp:term":[{"taxonomy":"category","embeddable":true,"href":"https:\/\/radioalma.eu\/bruselas\/wp-json\/wp\/v2\/categories?post=7913"},{"taxonomy":"post_tag","embeddable":true,"href":"https:\/\/radioalma.eu\/bruselas\/wp-json\/wp\/v2\/tags?post=7913"}],"curies":[{"name":"wp","href":"https:\/\/api.w.org\/{rel}","templated":true}]}}