{"id":7931,"date":"2022-05-20T16:24:36","date_gmt":"2022-05-20T15:24:36","guid":{"rendered":"https:\/\/radioalma.eu\/bruselas\/?p=7931"},"modified":"2022-05-23T10:56:35","modified_gmt":"2022-05-23T09:56:35","slug":"todos-los-detalles-del-brussels-jazz-weekend-en-nuestro-proximo-programa","status":"publish","type":"post","link":"https:\/\/radioalma.eu\/bruselas\/2022\/05\/20\/todos-los-detalles-del-brussels-jazz-weekend-en-nuestro-proximo-programa\/","title":{"rendered":"Todos los detalles del Brussels Jazz Weekend"},"content":{"rendered":"\n<p>El pr\u00f3ximo fin de semana tendr\u00e1 lugar el <strong><a href=\"https:\/\/www.brusselsjazzweekend.be\/\">Brussels Jazz Weekend<\/a><\/strong>, un evento que llenar\u00e1 de notas musicales las calles y plazas de la capital europea. Desde Bruselas con \u00d1, hemos querido descubrir todos los entresijos del festival y conocer las particularidades del jazz belga con uno de sus fundadores, <strong>Steven Palmaers.<\/strong> Adem\u00e1s, invitamos a <strong>tres artistas espa\u00f1oles<\/strong> que actuar\u00e1n en el evento <strong>Albert Vila, Lu\u00eds Dom\u00ednguez y Camilo Delgado.<\/strong><\/p>\n<audio class=\"wp-audio-shortcode\" id=\"audio-7931-1\" preload=\"none\" style=\"width: 100%;\" controls=\"controls\"><source type=\"audio\/mpeg\" src=\"https:\/\/www.ivoox.com\/bruselas-n-21-05-22-parte-i_md_87424500_wp_1.mp3?_=1\" \/><a href=\"https:\/\/www.ivoox.com\/bruselas-n-21-05-22-parte-i_md_87424500_wp_1.mp3\">https:\/\/www.ivoox.com\/bruselas-n-21-05-22-parte-i_md_87424500_wp_1.mp3<\/a><\/audio>\n<p>Cerramos el reportaje en la segunda parte con nuestra experta en <strong>m\u00fasica Ruth Prieto<\/strong> que nos acerca la figura de <strong>Toots Thielemans<\/strong> a quien el festival tambi\u00e9n rinde homenaje. Despu\u00e9s, cambiamos de asunto y <strong>estrenamos una nueva secci\u00f3n<\/strong> junto a los compa\u00f1eros y compa\u00f1eras de <a href=\"https:\/\/www.orientaeuro.be\/\"><strong>Orientaeuro<\/strong><\/a> que nos dar\u00e1n consejos para la b\u00fasqueda de empleo en B\u00e9lgica.<\/p>\n<p>Antes de entrar a la sala de cine vamos hasta la <strong><a href=\"https:\/\/historia-europa.ep.eu\/\">Casa de la Historia Europea<\/a> <\/strong>donde <strong>Elena Garc\u00eda<\/strong> nos cuenta todo sobre este lugar que guarda nuestra memoria. Despedimos el programa con las palomitas,\u00a0 las luces apagadas y hablando de <strong>cine junto a Ana Mart\u00ednez.<\/strong><\/p>\n<audio class=\"wp-audio-shortcode\" id=\"audio-7931-2\" preload=\"none\" style=\"width: 100%;\" controls=\"controls\"><source type=\"audio\/mpeg\" src=\"https:\/\/www.ivoox.com\/bruselas-n-22-05-2022-parte-ii_md_87442421_wp_1.mp3?_=2\" \/><a href=\"https:\/\/www.ivoox.com\/bruselas-n-22-05-2022-parte-ii_md_87442421_wp_1.mp3\">https:\/\/www.ivoox.com\/bruselas-n-22-05-2022-parte-ii_md_87442421_wp_1.mp3<\/a><\/audio>\n<p>\u00a0<\/p>\n<p>\u00a0<\/p>\n","protected":false},"excerpt":{"rendered":"<div class=\"mh-excerpt\"><p>El pr\u00f3ximo fin de semana tendr\u00e1 lugar el Brussels Jazz Weekend, un evento que llenar\u00e1 de notas musicales las calles y plazas de la capital europea. Desde Bruselas con \u00d1, hemos querido descubrir todos los <a class=\"mh-excerpt-more\" href=\"https:\/\/radioalma.eu\/bruselas\/2022\/05\/20\/todos-los-detalles-del-brussels-jazz-weekend-en-nuestro-proximo-programa\/\" title=\"Todos los detalles del Brussels Jazz Weekend\">[&#8230;]<\/a><\/p>\n<\/div>","protected":false},"author":109,"featured_media":7932,"comment_status":"open","ping_status":"open","sticky":false,"template":"","format":"standard","meta":{"footnotes":""},"categories":[2700,2697],"tags":[],"class_list":{"0":"post-7931","1":"post","2":"type-post","3":"status-publish","4":"format-standard","5":"has-post-thumbnail","7":"category-cultura","8":"category-europa"},"_links":{"self":[{"href":"https:\/\/radioalma.eu\/bruselas\/wp-json\/wp\/v2\/posts\/7931","targetHints":{"allow":["GET"]}}],"collection":[{"href":"https:\/\/radioalma.eu\/bruselas\/wp-json\/wp\/v2\/posts"}],"about":[{"href":"https:\/\/radioalma.eu\/bruselas\/wp-json\/wp\/v2\/types\/post"}],"author":[{"embeddable":true,"href":"https:\/\/radioalma.eu\/bruselas\/wp-json\/wp\/v2\/users\/109"}],"replies":[{"embeddable":true,"href":"https:\/\/radioalma.eu\/bruselas\/wp-json\/wp\/v2\/comments?post=7931"}],"version-history":[{"count":0,"href":"https:\/\/radioalma.eu\/bruselas\/wp-json\/wp\/v2\/posts\/7931\/revisions"}],"wp:featuredmedia":[{"embeddable":true,"href":"https:\/\/radioalma.eu\/bruselas\/wp-json\/wp\/v2\/media\/7932"}],"wp:attachment":[{"href":"https:\/\/radioalma.eu\/bruselas\/wp-json\/wp\/v2\/media?parent=7931"}],"wp:term":[{"taxonomy":"category","embeddable":true,"href":"https:\/\/radioalma.eu\/bruselas\/wp-json\/wp\/v2\/categories?post=7931"},{"taxonomy":"post_tag","embeddable":true,"href":"https:\/\/radioalma.eu\/bruselas\/wp-json\/wp\/v2\/tags?post=7931"}],"curies":[{"name":"wp","href":"https:\/\/api.w.org\/{rel}","templated":true}]}}