{"id":8039,"date":"2022-06-07T11:54:55","date_gmt":"2022-06-07T10:54:55","guid":{"rendered":"https:\/\/radioalma.eu\/bruselas\/?p=8039"},"modified":"2022-06-08T09:28:01","modified_gmt":"2022-06-08T08:28:01","slug":"eulat4culture-pone-en-valor-a-los-artistas-iberoamericanos-en-europa","status":"publish","type":"post","link":"https:\/\/radioalma.eu\/bruselas\/2022\/06\/07\/eulat4culture-pone-en-valor-a-los-artistas-iberoamericanos-en-europa\/","title":{"rendered":"Eulat4Culture pone en valor a los artistas iberoamericanos en Europa"},"content":{"rendered":"\n\n\n<p>La <strong>cultura y el arte euro-iberoamericano<\/strong> estar\u00e1n muy presentes durante estas dos semanas de Bruselas con motivo del festival <strong>EULAT4Culture<\/strong>, que re\u00fane a m\u00e1s de una veintena de pa\u00edses y tiene como objetivo <strong>poner en valor a los artistas iberoamericanos y fomentar los valores compartidos con Europa.<\/strong><\/p>\n<p>El proyecto, que comenz\u00f3 el 1 de junio y se extender\u00e1 hasta el 14 de ese mismo mes, es un \u00abpuente entre culturas que pretende hacer reflexionar sobre las narrativas de los proyectos art\u00edsticos en distintas regiones del mundo\u00bb. As\u00ed lo explica <strong>Cecilia Kuska, comisaria del festival,<\/strong> que destaca la importancia de \u00abfortelecer ese v\u00ednculo entre todos los artistas\u00bb.\u00a0 \u00abEl arte es global. Proyectos como este nos ayudan a entender mejor las particularidades de cada cultura\u00bb, se\u00f1ala.<\/p>\n<p>Todo ello se materializar\u00e1 en una gran variedad de <strong>actividades culturales y art\u00edsticas contempor\u00e1neas<\/strong> en todas las disciplinas, que est\u00e1n alineadas con, al menos, uno delos cinco temas principales derivados de la <strong>Agenda 2030 para el desarrollo sostenible<\/strong>, como identidades e inclusi\u00f3n, migraci\u00f3n: arraigo y desarraigo o valores y ciudadan\u00eda.<\/p>\n\n\n\n<figure class=\"wp-block-audio\"><audio controls src=\"https:\/\/radioalma.eu\/bruselas\/files\/2022\/06\/CECILIA.mp3\"><\/audio><\/figure>\n","protected":false},"excerpt":{"rendered":"<div class=\"mh-excerpt\">La cultura y el arte euro-iberoamericano estar\u00e1n muy presentes durante estas dos semanas de Bruselas con motivo del festival EULAT4Culture, que re\u00fane a m\u00e1s de una veintena de pa\u00edses y tiene como objetivo poner en <a class=\"mh-excerpt-more\" href=\"https:\/\/radioalma.eu\/bruselas\/2022\/06\/07\/eulat4culture-pone-en-valor-a-los-artistas-iberoamericanos-en-europa\/\" title=\"Eulat4Culture pone en valor a los artistas iberoamericanos en Europa\">[&#8230;]<\/a><\/div>\n","protected":false},"author":51,"featured_media":8044,"comment_status":"open","ping_status":"open","sticky":false,"template":"","format":"standard","meta":{"footnotes":""},"categories":[2700,29,2704],"tags":[],"class_list":["post-8039","post","type-post","status-publish","format-standard","has-post-thumbnail","category-cultura","category-protagonista-de-la-semana","category-social"],"_links":{"self":[{"href":"https:\/\/radioalma.eu\/bruselas\/wp-json\/wp\/v2\/posts\/8039","targetHints":{"allow":["GET"]}}],"collection":[{"href":"https:\/\/radioalma.eu\/bruselas\/wp-json\/wp\/v2\/posts"}],"about":[{"href":"https:\/\/radioalma.eu\/bruselas\/wp-json\/wp\/v2\/types\/post"}],"author":[{"embeddable":true,"href":"https:\/\/radioalma.eu\/bruselas\/wp-json\/wp\/v2\/users\/51"}],"replies":[{"embeddable":true,"href":"https:\/\/radioalma.eu\/bruselas\/wp-json\/wp\/v2\/comments?post=8039"}],"version-history":[{"count":0,"href":"https:\/\/radioalma.eu\/bruselas\/wp-json\/wp\/v2\/posts\/8039\/revisions"}],"wp:featuredmedia":[{"embeddable":true,"href":"https:\/\/radioalma.eu\/bruselas\/wp-json\/wp\/v2\/media\/8044"}],"wp:attachment":[{"href":"https:\/\/radioalma.eu\/bruselas\/wp-json\/wp\/v2\/media?parent=8039"}],"wp:term":[{"taxonomy":"category","embeddable":true,"href":"https:\/\/radioalma.eu\/bruselas\/wp-json\/wp\/v2\/categories?post=8039"},{"taxonomy":"post_tag","embeddable":true,"href":"https:\/\/radioalma.eu\/bruselas\/wp-json\/wp\/v2\/tags?post=8039"}],"curies":[{"name":"wp","href":"https:\/\/api.w.org\/{rel}","templated":true}]}}